{"id":2002003279,"date":"2020-04-19T16:55:44","date_gmt":"2020-04-19T14:55:44","guid":{"rendered":"http:\/\/www.elenacabrera.com\/weblog\/?p=2002003279"},"modified":"2020-05-09T19:51:26","modified_gmt":"2020-05-09T17:51:26","slug":"diario-del-coronavirus-34-cumpleanos-en-cautiverio","status":"publish","type":"post","link":"http:\/\/www.elenacabrera.com\/weblog3\/2020\/04\/19\/diario-del-coronavirus-34-cumpleanos-en-cautiverio\/","title":{"rendered":"Diario del coronavirus (34): Cumplea\u00f1os en cautividad"},"content":{"rendered":"\n<p>Aqu\u00ed va una opini\u00f3n impopular: los cumplea\u00f1os en el confinamiento molan m\u00e1s. Primero: no hace falta limpiar y decorar toda la casa antes de que lleguen los invitados; tan solo el rinc\u00f3n en el que vas a colocar la c\u00e1mara. Segundo: puedes invitar a m\u00e1s gente de la que cabe en tu casa y, si tienes varios grupos de amigos o grupos familiares, en lugar de una videollamada haces varias y as\u00ed soplas m\u00e1s veces las velas. Tercero: en el reparto de la tarta, tocas a m\u00e1s. Cuarto: luego no hay que limpiar la casa. Y quinto: \u00a1\u00a1luego no hay que limpiar la casa!!<\/p>\n\n\n\n<p>Y, esta vez, mis informaciones no me llegan por chats o balcones. En esta ocasi\u00f3n se trata de pura experiencia en primera persona de periodismo gonzo, hoy ha sido mi cumplea\u00f1os y aqu\u00ed estoy, cont\u00e1ndolo, antes de que den las doce de la noche. El gran objetivo del d\u00eda era realizar una tarta a tiempo para las siete de la tarde, hora a la que hab\u00eda convocado a toda mi familia para una videollamada de celebraci\u00f3n. Baj\u00e9 al supermercado a hacer la compra de la semana y hacerme con los ingredientes necesarios. Fue dif\u00edcil decidir qu\u00e9 tarta hacer. Una vez m\u00e1s, recurr\u00ed a la magia de Twitter y recib\u00ed mucha sugerencias, la mayor\u00eda de ellas de <em>carrot cake<\/em>, lo cual me ha llevado a preocuparme por si se est\u00e1 formando una burbuja del bizcocho de la zanahoria, quiz\u00e1 es el nuevo cupcake o el nuevo macaron y no me hab\u00eda dado cuenta. He agradecido las recetas y me las he guardado pero sab\u00eda que hoy no iba a ser el d\u00eda: si hago una tarta de cumplea\u00f1os sin chocolate, <a href=\"https:\/\/www.eldiario.es\/nidos\/regreso-normalidad-anormal_0_1016299256.html\">Eleonor me vuelve a encerrar en el balc\u00f3n<\/a>. No obstante, compr\u00e9 un kilo de zanahorias\u2026 por si acaso. Recib\u00ed sugerencias sofisticadas y otras el tipo \u201cla podr\u00eda hacer tu hija\u201d. Incluso Ram\u00f3n J. Soria Bre\u00f1a, escritor y antrop\u00f3logo de h\u00e1bitos culinarios, a quien conozco de nuestras viejas andanzas por las radios libres, se atrevi\u00f3 a sugerirme una tarta tatin de manzana. Yo le dije que, a ver, solo quer\u00eda hacer una tarta de cumplea\u00f1os, no un TFG.<\/p>\n\n\n\n<figure class=\"wp-block-embed-twitter wp-block-embed is-type-rich is-provider-twitter\"><div class=\"wp-block-embed__wrapper\">\n<blockquote class=\"twitter-tweet\" data-width=\"500\" data-dnt=\"true\"><p lang=\"tl\" dir=\"ltr\">Una Tatin?<\/p>&mdash; Gastropitecus-Gloton (@Gastropitecus) <a href=\"https:\/\/twitter.com\/Gastropitecus\/status\/1250774187075125248?ref_src=twsrc%5Etfw\">April 16, 2020<\/a><\/blockquote><script async src=\"https:\/\/platform.twitter.com\/widgets.js\" charset=\"utf-8\"><\/script>\n<\/div><\/figure>\n\n\n\n<p>Por darme alg\u00fan capricho, me alis\u00e9 el pelo, me maquill\u00e9 (delineador, rimmel, colorete, pintalabios) y arroj\u00e9 sobre m\u00ed un par de soplos de perfume para visitar el supermercado en el d\u00eda de mi cumplea\u00f1os. Al ponerme la mascarilla sobre la boca comprend\u00ed la estupidez que hab\u00eda hecho pint\u00e1ndome los labios. Para los que siguen habitualmente este diario, quiero informaros de que el charcutero ha salido del hospital y ya est\u00e1 en casa, pasando la&nbsp; cuarentena; y que el carnicero ha superado el coronavirus y se ha reincorporado a su trabajo, estaba contento de estar de vuelta y de que el bicho no le hubiera afectado demasiado.<\/p>\n\n\n\n<p style=\"text-align:right\"><em><a href=\"https:\/\/www.eldiario.es\/nidos\/Cumpleanos-cautiverio_0_1017699270.html\" target=\"_blank\" rel=\"noreferrer noopener\" aria-label=\"Sigue leyendo en eldiario.es (abre en una nueva pesta\u00f1a)\">Sigue leyendo en eldiario.es<\/a><\/em><\/p>\n","protected":false},"excerpt":{"rendered":"<p>Aqu\u00ed va una opini\u00f3n impopular: los cumplea\u00f1os en el confinamiento molan m\u00e1s. Primero: no hace falta limpiar y decorar toda la casa antes de que lleguen los invitados; tan solo el rinc\u00f3n en el que vas a colocar la c\u00e1mara. Segundo: puedes invitar a m\u00e1s gente de la que cabe en tu casa y, si [&hellip;]<\/p>\n","protected":false},"author":1,"featured_media":2002003341,"comment_status":"closed","ping_status":"closed","sticky":false,"template":"","format":"standard","meta":{"footnotes":""},"categories":[],"tags":[],"class_list":["post-2002003279","post","type-post","status-publish","format-standard","has-post-thumbnail","hentry"],"_links":{"self":[{"href":"http:\/\/www.elenacabrera.com\/weblog3\/wp-json\/wp\/v2\/posts\/2002003279","targetHints":{"allow":["GET"]}}],"collection":[{"href":"http:\/\/www.elenacabrera.com\/weblog3\/wp-json\/wp\/v2\/posts"}],"about":[{"href":"http:\/\/www.elenacabrera.com\/weblog3\/wp-json\/wp\/v2\/types\/post"}],"author":[{"embeddable":true,"href":"http:\/\/www.elenacabrera.com\/weblog3\/wp-json\/wp\/v2\/users\/1"}],"replies":[{"embeddable":true,"href":"http:\/\/www.elenacabrera.com\/weblog3\/wp-json\/wp\/v2\/comments?post=2002003279"}],"version-history":[{"count":2,"href":"http:\/\/www.elenacabrera.com\/weblog3\/wp-json\/wp\/v2\/posts\/2002003279\/revisions"}],"predecessor-version":[{"id":2002003283,"href":"http:\/\/www.elenacabrera.com\/weblog3\/wp-json\/wp\/v2\/posts\/2002003279\/revisions\/2002003283"}],"wp:featuredmedia":[{"embeddable":true,"href":"http:\/\/www.elenacabrera.com\/weblog3\/wp-json\/wp\/v2\/media\/2002003341"}],"wp:attachment":[{"href":"http:\/\/www.elenacabrera.com\/weblog3\/wp-json\/wp\/v2\/media?parent=2002003279"}],"wp:term":[{"taxonomy":"category","embeddable":true,"href":"http:\/\/www.elenacabrera.com\/weblog3\/wp-json\/wp\/v2\/categories?post=2002003279"},{"taxonomy":"post_tag","embeddable":true,"href":"http:\/\/www.elenacabrera.com\/weblog3\/wp-json\/wp\/v2\/tags?post=2002003279"}],"curies":[{"name":"wp","href":"https:\/\/api.w.org\/{rel}","templated":true}]}}