{"id":2002003285,"date":"2020-04-22T11:09:03","date_gmt":"2020-04-22T09:09:03","guid":{"rendered":"http:\/\/www.elenacabrera.com\/weblog\/?p=2002003285"},"modified":"2020-05-09T19:48:47","modified_gmt":"2020-05-09T17:48:47","slug":"diario-del-coronavirus-36","status":"publish","type":"post","link":"http:\/\/www.elenacabrera.com\/weblog3\/2020\/04\/22\/diario-del-coronavirus-36\/","title":{"rendered":"Diario del coronavirus (36): La gran escapada"},"content":{"rendered":"\n<p>Cuando yo nac\u00ed, mi madre ten\u00eda casi 40 a\u00f1os. Algunas personas le dijeron que ese beb\u00e9 ser\u00eda, en el futuro, el consuelo de su vejez. Mi madre me contaba que ella les contestaba \u201cpobri\u00f1a ella, si tiene que vivir para eso\u201d y me advert\u00eda que vivir\u00eda en su casa mientras pudiera valerse por s\u00ed misma y, cuando no, se pagar\u00eda una residencia, \u201cque para eso estaba el dinero\u201d. Bueno, no lleg\u00f3 esa circunstancia. Siempre he vivido con mucho miedo a las enfermedades y mucha tristeza por la vejez y nunca he tenido las ideas tan claras como mi madre. He llorado en todas las residencias de ancianos que he visitado y no consigo imaginarme viviendo en una de ellas, salvo cuando me imagino como la abuela de la pel\u00edcula Mars Attacks, que escucha en sus cascos, feliz, siempre el mismo disco de vinilo en la habitaci\u00f3n de su residencia.<\/p>\n\n\n\n<p>Si vivir en una residencia es ya un apartarse del mundo, estar confinado en las habitaciones, como sucede estos d\u00edas, debe de suponer un aislamiento terrible para los mayores conscientes de la vida y lo que les rodea. Un suceso acaecido esta semana en el pueblo vecino al de mi padre, confirma esta teor\u00eda. Hartos de estar recluidos en sus habitaciones, dos de los residentes decidieron escaparse, saltando por la ventana de un primer piso. Les quiero imaginar trazando el plan a escondidas, quiz\u00e1 a la hora de la comida. Efectuaron la salida de noche, sin mayor problema pero con cierta lentitud, debido a que uno de ellos andaba con muleta. Los empleados se dieron cuenta r\u00e1pidamente de la fuga y salieron en su busca por las calles desiertas de un pueblo ya de por s\u00ed deshabitado, dando alcance a los se\u00f1ores a la altura del bar, que por supuesto estaba cerrado, no explicando las fuentes conocedoras del hecho si fue pura casualidad o era ese el destino de los fugados. La aventura acab\u00f3 r\u00e1pido, no as\u00ed las chuflas y el cachondeo que se esparcieron como virus sin vacuna r\u00e1pidamente por los pueblos de toda la comarca.&nbsp;<\/p>\n\n\n\n<p>De la residencia de mis t\u00edos hemos recibido noticias m\u00e9dicas que en mi grupo de primos han sido celebradas con alborozo. El Servicio Gallego de Salud efectu\u00f3 pruebas del coronavirus a todos los residentes, as\u00ed como al personal. Todas dieron negativo. No hab\u00eda s\u00edntomas, pero la noticia nos deja m\u00e1s tranquilos. Pregunto a mi padre si en la residencia del pueblo de los fugados hay alg\u00fan caso y me contesta que no, que son cuatro gatos. Solo hay un positivo conocido en todos los pueblos de alrededor y ya ha pasado la COVID-19, reincorpor\u00e1ndose a su trabajo. Se quejan en este pueblo soriano de no poder salir a caminar, cuando las probabilidades de encontrarse con alguien, en condiciones normales, son m\u00e1s bien escasas. Se sabe de una persona que tiene salvoconducto m\u00e9dico, por ser diab\u00e9tico y estar obligado a hacerse sus kil\u00f3metros diarios para bajar el az\u00facar. Supongo que los vecinos le observan tras los visillos con envidia, mientras comen torreznos a discreci\u00f3n a ver si a ellos tambi\u00e9n les aplican medidas extraordinarias. Yo es lo que har\u00eda.<\/p>\n\n\n\n<p style=\"text-align:right\"><em><a href=\"https:\/\/www.eldiario.es\/nidos\/gran-escapada_0_1018749142.html\" target=\"_blank\" rel=\"noreferrer noopener\" aria-label=\"Sigue leyendo en eldiario.es (abre en una nueva pesta\u00f1a)\">Sigue leyendo en eldiario.es<\/a><\/em><\/p>\n","protected":false},"excerpt":{"rendered":"<p>Cuando yo nac\u00ed, mi madre ten\u00eda casi 40 a\u00f1os. Algunas personas le dijeron que ese beb\u00e9 ser\u00eda, en el futuro, el consuelo de su vejez. Mi madre me contaba que ella les contestaba \u201cpobri\u00f1a ella, si tiene que vivir para eso\u201d y me advert\u00eda que vivir\u00eda en su casa mientras pudiera valerse por s\u00ed misma [&hellip;]<\/p>\n","protected":false},"author":1,"featured_media":2002003337,"comment_status":"closed","ping_status":"closed","sticky":false,"template":"","format":"standard","meta":{"footnotes":""},"categories":[],"tags":[],"class_list":["post-2002003285","post","type-post","status-publish","format-standard","has-post-thumbnail","hentry"],"_links":{"self":[{"href":"http:\/\/www.elenacabrera.com\/weblog3\/wp-json\/wp\/v2\/posts\/2002003285","targetHints":{"allow":["GET"]}}],"collection":[{"href":"http:\/\/www.elenacabrera.com\/weblog3\/wp-json\/wp\/v2\/posts"}],"about":[{"href":"http:\/\/www.elenacabrera.com\/weblog3\/wp-json\/wp\/v2\/types\/post"}],"author":[{"embeddable":true,"href":"http:\/\/www.elenacabrera.com\/weblog3\/wp-json\/wp\/v2\/users\/1"}],"replies":[{"embeddable":true,"href":"http:\/\/www.elenacabrera.com\/weblog3\/wp-json\/wp\/v2\/comments?post=2002003285"}],"version-history":[{"count":2,"href":"http:\/\/www.elenacabrera.com\/weblog3\/wp-json\/wp\/v2\/posts\/2002003285\/revisions"}],"predecessor-version":[{"id":2002003338,"href":"http:\/\/www.elenacabrera.com\/weblog3\/wp-json\/wp\/v2\/posts\/2002003285\/revisions\/2002003338"}],"wp:featuredmedia":[{"embeddable":true,"href":"http:\/\/www.elenacabrera.com\/weblog3\/wp-json\/wp\/v2\/media\/2002003337"}],"wp:attachment":[{"href":"http:\/\/www.elenacabrera.com\/weblog3\/wp-json\/wp\/v2\/media?parent=2002003285"}],"wp:term":[{"taxonomy":"category","embeddable":true,"href":"http:\/\/www.elenacabrera.com\/weblog3\/wp-json\/wp\/v2\/categories?post=2002003285"},{"taxonomy":"post_tag","embeddable":true,"href":"http:\/\/www.elenacabrera.com\/weblog3\/wp-json\/wp\/v2\/tags?post=2002003285"}],"curies":[{"name":"wp","href":"https:\/\/api.w.org\/{rel}","templated":true}]}}