{"id":2002003295,"date":"2020-04-28T11:16:50","date_gmt":"2020-04-28T09:16:50","guid":{"rendered":"http:\/\/www.elenacabrera.com\/weblog\/?p=2002003295"},"modified":"2020-05-09T19:36:57","modified_gmt":"2020-05-09T17:36:57","slug":"diario-del-coronavirus-41-las-tres-normas-del-club-de-la-calle","status":"publish","type":"post","link":"http:\/\/www.elenacabrera.com\/weblog3\/2020\/04\/28\/diario-del-coronavirus-41-las-tres-normas-del-club-de-la-calle\/","title":{"rendered":"Diario del coronavirus (41): Las tres normas del club de la calle"},"content":{"rendered":"\n<p>Estoy segura de que estaba yo m\u00e1s nerviosa que ella. De hecho, se lo pregunt\u00e9 como diez veces: \u201c\u00bfno est\u00e1s emocionada?\u201d y siempre me dec\u00eda que no, pero yo creo que lo hac\u00eda por hacerme de rabiar. \u00bfC\u00f3mo no iba a estar mi hija ilusionada <a href=\"https:\/\/www.eldiario.es\/sociedad\/Patinetes-carreras-mascarillas-ninos-pueden_0_1020848106.html\">de salir a la calle despu\u00e9s de 44 d\u00edas encerrada<\/a> en casa? \u201c\u00bfNo te sientes rara?\u201d, le insisto. \u201c\u00a1Que no es para tanto!\u201d, me responde Eleonor, haci\u00e9ndose la dura. No paro de hacerle fotos y videos. Ahora ponte all\u00ed, ahora ponte all\u00e1, ahora ven patinando hacia m\u00ed. \u201cYa basta, me dice, s\u00e9 que todo esto lo haces por tu diario\u201d, me contesta. Le devuelvo una mirada ofendidita.<\/p>\n\n\n\n<p>De todos los juguetes que podr\u00eda haber elegido (el patinete, una pelota, la comba o una Nancy para que viera mundo), ella escogi\u00f3 los patines. Hice un r\u00e1pido c\u00e1lculo mental con los factores de ejercicio f\u00edsico y diversi\u00f3n y d\u00ed mi aprobaci\u00f3n. Nunca quiere ponerse las protecciones pero hoy le convenc\u00ed diciendo que as\u00ed ir\u00eda m\u00e1s \u201cprotegida\u201d, poni\u00e9ndole muchas comillas a la palabra. Col\u00f3. Tambi\u00e9n el hecho de que en el \u00faltimo momento descubr\u00ed que se hab\u00eda puesto unas mallas con un tomate en la rodilla. \u201cVenga, que as\u00ed lo tapas\u201d. Otra historia fue la mascarilla: pod\u00eda ponerse una, con gomitas, que le hab\u00eda regalado su dentista; una de las nuestras con lazos o su mascarilla kawaii comprada en una Japan Weekend. Ninguna de ellas le impedir\u00eda contagiarse pero cumple tres funciones importantes: que ella no contagie, que no se toque la cara con las manos y que recuerde todo el rato que las circunstancias son excepcionales. Se las prob\u00f3 todas y dijo que no pod\u00eda respirar con ellas. \u201cEs verdad que son un poco inc\u00f3modas, pero cuando te caigas al suelo y pongas las manazas por ah\u00ed y luego te lleves las manos a la cara, estar\u00e1s m\u00e1s protegida\u201d, le digo en tono did\u00e1ctico. \u201cNo me voy a caer\u201d, me contesta. Ya. \u201cNo voy a poner las manazas por ah\u00ed\u201d, dice, poniendo retint\u00edn en el \u201cpor ah\u00ed\u201d. Ya. \u00bfQu\u00e9 hizo? Baj\u00f3 las escaleras agarr\u00e1ndose al pasamanos y diez minutos despu\u00e9s ya se hab\u00eda ca\u00eddo en un giro demasiado r\u00e1pido. Me encant\u00f3 poner cara de \u201cte lo dije\u201d. Yo qu\u00e9 s\u00e9, cosas de madres.<\/p>\n\n\n\n<p>Finalmente hab\u00eda elegido su mascarilla otaku y, adem\u00e1s del primer sofoco, tuvo que vencer la verg\u00fcenza, que lo mismo era eso lo que le produc\u00eda el sofoco. Misteriosamente, despu\u00e9s de cruzarnos con cuatro o cinco ni\u00f1os enmascarillados, dej\u00f3 de quejarse. Nos llam\u00f3 la atenci\u00f3n ver tan pocos menores en la calle. Antes de salir de casa, le hice un <em>briefing<\/em> final, para recordarle todas las tres normas del club de la calle: primera norma, no te toques la mascarilla; segunda norma, dos zancadas de distancia con cualquier persona excepto conmigo; tercera norma, la norma segunda tambi\u00e9n vale para los amigos.<\/p>\n\n\n\n<p style=\"text-align:right\"><em><a href=\"https:\/\/www.eldiario.es\/nidos\/normas-club-calle_0_1020848354.html\" target=\"_blank\" rel=\"noreferrer noopener\" aria-label=\"Sigue leyendo en eldiario.es (abre en una nueva pesta\u00f1a)\">Sigue leyendo en eldiario.es<\/a><\/em><\/p>\n","protected":false},"excerpt":{"rendered":"<p>Estoy segura de que estaba yo m\u00e1s nerviosa que ella. De hecho, se lo pregunt\u00e9 como diez veces: \u201c\u00bfno est\u00e1s emocionada?\u201d y siempre me dec\u00eda que no, pero yo creo que lo hac\u00eda por hacerme de rabiar. \u00bfC\u00f3mo no iba a estar mi hija ilusionada de salir a la calle despu\u00e9s de 44 d\u00edas encerrada [&hellip;]<\/p>\n","protected":false},"author":1,"featured_media":2002003332,"comment_status":"closed","ping_status":"closed","sticky":false,"template":"","format":"standard","meta":{"footnotes":""},"categories":[],"tags":[],"class_list":["post-2002003295","post","type-post","status-publish","format-standard","has-post-thumbnail","hentry"],"_links":{"self":[{"href":"http:\/\/www.elenacabrera.com\/weblog3\/wp-json\/wp\/v2\/posts\/2002003295","targetHints":{"allow":["GET"]}}],"collection":[{"href":"http:\/\/www.elenacabrera.com\/weblog3\/wp-json\/wp\/v2\/posts"}],"about":[{"href":"http:\/\/www.elenacabrera.com\/weblog3\/wp-json\/wp\/v2\/types\/post"}],"author":[{"embeddable":true,"href":"http:\/\/www.elenacabrera.com\/weblog3\/wp-json\/wp\/v2\/users\/1"}],"replies":[{"embeddable":true,"href":"http:\/\/www.elenacabrera.com\/weblog3\/wp-json\/wp\/v2\/comments?post=2002003295"}],"version-history":[{"count":1,"href":"http:\/\/www.elenacabrera.com\/weblog3\/wp-json\/wp\/v2\/posts\/2002003295\/revisions"}],"predecessor-version":[{"id":2002003296,"href":"http:\/\/www.elenacabrera.com\/weblog3\/wp-json\/wp\/v2\/posts\/2002003295\/revisions\/2002003296"}],"wp:featuredmedia":[{"embeddable":true,"href":"http:\/\/www.elenacabrera.com\/weblog3\/wp-json\/wp\/v2\/media\/2002003332"}],"wp:attachment":[{"href":"http:\/\/www.elenacabrera.com\/weblog3\/wp-json\/wp\/v2\/media?parent=2002003295"}],"wp:term":[{"taxonomy":"category","embeddable":true,"href":"http:\/\/www.elenacabrera.com\/weblog3\/wp-json\/wp\/v2\/categories?post=2002003295"},{"taxonomy":"post_tag","embeddable":true,"href":"http:\/\/www.elenacabrera.com\/weblog3\/wp-json\/wp\/v2\/tags?post=2002003295"}],"curies":[{"name":"wp","href":"https:\/\/api.w.org\/{rel}","templated":true}]}}