{"id":2002003297,"date":"2020-04-29T11:18:43","date_gmt":"2020-04-29T09:18:43","guid":{"rendered":"http:\/\/www.elenacabrera.com\/weblog\/?p=2002003297"},"modified":"2020-05-09T19:35:45","modified_gmt":"2020-05-09T17:35:45","slug":"diario-del-coronavirus-42-la-carcel-mas-grande-de-todas-las-carceles","status":"publish","type":"post","link":"http:\/\/www.elenacabrera.com\/weblog3\/2020\/04\/29\/diario-del-coronavirus-42-la-carcel-mas-grande-de-todas-las-carceles\/","title":{"rendered":"Diario del coronavirus (42): La c\u00e1rcel m\u00e1s grande de todas las c\u00e1rceles"},"content":{"rendered":"\n<p>Otra negra nube viene a arrancarme el coraz\u00f3n. No lo digo yo, pues quedar\u00eda muy pretencioso, lo dice Javier Corcobado en una canci\u00f3n que me acompa\u00f1a mientras escribo esta p\u00e1gina de mi diario. Citar tambi\u00e9n es pretencioso, pero un poco menos. Pide este poeta, descarnado y furioso, un cielo donde pueda ara\u00f1ar la libertad porque \u2014y ese es el descubrimiento que justifica esta canci\u00f3n\u2014 la libertad es la c\u00e1rcel m\u00e1s grande de todas las c\u00e1rceles. Puede ser. Qu\u00e9 intensa se siente la vida cuando te falta y qu\u00e9 placer ara\u00f1ar un poco de lo que te han quitado. Como dir\u00eda Corcobado, qu\u00e9 brillantes son las calles cuando el latido se va.<\/p>\n\n\n\n<figure class=\"wp-block-embed-youtube wp-block-embed is-type-video is-provider-youtube wp-embed-aspect-16-9 wp-has-aspect-ratio\"><div class=\"wp-block-embed__wrapper\">\n<iframe loading=\"lazy\" title=\"Javier Corcobado - La Libertad (es la c\u00e1rcel ma\u0301s grande de todas las ca\u0301rceles) | Water Tape (HD)\" width=\"500\" height=\"281\" src=\"https:\/\/www.youtube.com\/embed\/LfXToBiDUO4?feature=oembed\" frameborder=\"0\" allow=\"accelerometer; autoplay; clipboard-write; encrypted-media; gyroscope; picture-in-picture; web-share\" referrerpolicy=\"strict-origin-when-cross-origin\" allowfullscreen><\/iframe>\n<\/div><\/figure>\n\n\n\n<p>Hoy no era un lunes como otros lunes del confinamiento, en el que Eleonor saca con resignaci\u00f3n los cuadernos y los libros de la mochila despu\u00e9s del fin de semana. Los sigue guardando ah\u00ed dentro cada tarde, como si tuviera que estar preparada para volver al colegio ma\u00f1ana mismo. Cuesta decirlo en alto, pero muchas madres y padres sospechamos que, al igual que ya hemos sacado la ropa de verano, podr\u00edamos ir guardando la mochila en el maletero. Una familia del colegio de Eleonor fue el domingo a colgar en la puerta del centro una enorme pancarta de colores que dec\u00eda que quer\u00edan \u201cvolver\u201d y que \u201c\u00a1fuera virus!\u201d. Su intenci\u00f3n era dejarla all\u00ed y que otros ni\u00f1os y ni\u00f1as, aprovechando las salidas, la firmaran. La idea era bonita, pero unas horas despu\u00e9s fue desarticulada debido a que las autoridades decidieron que podr\u00eda suponer un foco de infecci\u00f3n. Por otro lado, yo pens\u00e9, no estoy segura de que me hija firmara lo de las ganas de volver pronto al cole. Si guardamos la mochila, creo que se pondr\u00eda contenta.<\/p>\n\n\n\n<p>Dec\u00eda que este lunes no es como otros porque ayer Eleonor sali\u00f3 a la calle y, despu\u00e9s de catar los aires de libertad del exterior, de recordar que ella era una ni\u00f1a que bajaba corriendo por la calle hasta su colegio y que jugaba en un parque que, al fin, comprob\u00f3 con sus propios ojos que estaba clausurado con un pl\u00e1stico policial. En ese momento, Corcobado hubiera dicho: \u201cya no quiero m\u00e1s mentiras con postizos de ilusi\u00f3n\u201d pero Eleonor, que es menos intensa, dijo \u201cquiero bajar a la calle, otra vez\u201d. No hab\u00eda completado las tareas del d\u00eda y mi primera reacci\u00f3n fue decirle que no. Soy la t\u00edpica madre aguafiestas. Pero antes de abrir la boca, lo pens\u00e9 dos veces y me dije a m\u00ed misma que porqu\u00e9 no. \u201cPues vale, vamos\u201d. Me levant\u00e9 de la silla. Eleonor me mir\u00f3 asombrada. \u201cVenga, vamos a la calle, porqu\u00e9 no\u201d. <\/p>\n\n\n\n<p style=\"text-align:right\"><em><a href=\"https:\/\/www.eldiario.es\/nidos\/carcel-grande-todas-carceles_0_1021198895.html\" target=\"_blank\" rel=\"noreferrer noopener\" aria-label=\"Sigue leyendo en eldiario.es (abre en una nueva pesta\u00f1a)\">Sigue leyendo en eldiario.es<\/a><\/em><\/p>\n","protected":false},"excerpt":{"rendered":"<p>Otra negra nube viene a arrancarme el coraz\u00f3n. No lo digo yo, pues quedar\u00eda muy pretencioso, lo dice Javier Corcobado en una canci\u00f3n que me acompa\u00f1a mientras escribo esta p\u00e1gina de mi diario. Citar tambi\u00e9n es pretencioso, pero un poco menos. Pide este poeta, descarnado y furioso, un cielo donde pueda ara\u00f1ar la libertad porque [&hellip;]<\/p>\n","protected":false},"author":1,"featured_media":2002003331,"comment_status":"closed","ping_status":"closed","sticky":false,"template":"","format":"standard","meta":{"footnotes":""},"categories":[],"tags":[],"class_list":["post-2002003297","post","type-post","status-publish","format-standard","has-post-thumbnail","hentry"],"_links":{"self":[{"href":"http:\/\/www.elenacabrera.com\/weblog3\/wp-json\/wp\/v2\/posts\/2002003297","targetHints":{"allow":["GET"]}}],"collection":[{"href":"http:\/\/www.elenacabrera.com\/weblog3\/wp-json\/wp\/v2\/posts"}],"about":[{"href":"http:\/\/www.elenacabrera.com\/weblog3\/wp-json\/wp\/v2\/types\/post"}],"author":[{"embeddable":true,"href":"http:\/\/www.elenacabrera.com\/weblog3\/wp-json\/wp\/v2\/users\/1"}],"replies":[{"embeddable":true,"href":"http:\/\/www.elenacabrera.com\/weblog3\/wp-json\/wp\/v2\/comments?post=2002003297"}],"version-history":[{"count":1,"href":"http:\/\/www.elenacabrera.com\/weblog3\/wp-json\/wp\/v2\/posts\/2002003297\/revisions"}],"predecessor-version":[{"id":2002003298,"href":"http:\/\/www.elenacabrera.com\/weblog3\/wp-json\/wp\/v2\/posts\/2002003297\/revisions\/2002003298"}],"wp:featuredmedia":[{"embeddable":true,"href":"http:\/\/www.elenacabrera.com\/weblog3\/wp-json\/wp\/v2\/media\/2002003331"}],"wp:attachment":[{"href":"http:\/\/www.elenacabrera.com\/weblog3\/wp-json\/wp\/v2\/media?parent=2002003297"}],"wp:term":[{"taxonomy":"category","embeddable":true,"href":"http:\/\/www.elenacabrera.com\/weblog3\/wp-json\/wp\/v2\/categories?post=2002003297"},{"taxonomy":"post_tag","embeddable":true,"href":"http:\/\/www.elenacabrera.com\/weblog3\/wp-json\/wp\/v2\/tags?post=2002003297"}],"curies":[{"name":"wp","href":"https:\/\/api.w.org\/{rel}","templated":true}]}}