{"id":2002003299,"date":"2020-04-30T11:19:47","date_gmt":"2020-04-30T09:19:47","guid":{"rendered":"http:\/\/www.elenacabrera.com\/weblog\/?p=2002003299"},"modified":"2020-05-09T19:34:26","modified_gmt":"2020-05-09T17:34:26","slug":"diario-del-coronavirus-43-virus-de-barrio","status":"publish","type":"post","link":"http:\/\/www.elenacabrera.com\/weblog3\/2020\/04\/30\/diario-del-coronavirus-43-virus-de-barrio\/","title":{"rendered":"Diario del coronavirus (43): Virus de barrio"},"content":{"rendered":"\n<p>Mi barrio es un vecindario bullicioso, el m\u00e1s popular del distrito m\u00e1s agresivo de Madrid en t\u00e9rminos inmobiliarios y de desigualdad de renta. En los mapas de color electoral, Prosperidad una isla roja alrededor de cientos de manzanas azules en Chamart\u00edn. Parece que hay ganas de gentrificarlo, se nota por el aumento de coworkings, bajos que eran bares y ahora son oficinas acristaladas donde ves trabajar a la gente en su interior cuando bajas a por el pan y alquileres en alza que empiezan a ahuyentar a los vecinos y vecinas de toda la vida. Pero La Prospe resiste, como gritaron el otro d\u00eda mis j\u00f3venes vecinas por el balc\u00f3n, con el meg\u00e1fono a toda tralla, aunando el grito de guerra contra el coronavirus con un viejo lema de mi barrio, en alusi\u00f3n a la lucha por el local que ocupaba la Escuela Popular de Prosperidad, todo un referente de activismo vecinal, ayuda mutua y otras pedagog\u00edas.<\/p>\n\n\n\n<p>Despu\u00e9s de una consulta telef\u00f3nica, mi m\u00e9dico me dijo que fuera a verle, as\u00ed que hoy he pateado nuestras calles vac\u00edas para ir al centro de salud. Hac\u00eda tiempo que no me alejaba tanto de casa, aunque no han sido m\u00e1s 650 metros, pero me ha servido para tener una perspectiva m\u00e1s amplia de este largo domingo de agosto, con las chapas bajadas en los bares y los comercios cerrados con carteles indefinidos, en lugar de las despedidas con certeza de las vacaciones. Me dediqu\u00e9 a hacer fotograf\u00edas de algunos de los carteles porque es curioso como, detr\u00e1s de su redacci\u00f3n, hay m\u00e1s de lo que aparentan decir. Los contrariados avisan de que volver\u00e1n cuando les dejen; los resignados dicen que lo har\u00e1n cuando se pueda; los m\u00e1s pesimistas dicen que indefinidamente y los que en el fondo est\u00e1n cabreados pero intentan que no se les note, dicen que \u201chasta nueva orden\u201d.<\/p>\n\n\n\n<p>Hab\u00eda mucho que leer en mi paseo, pero era necesario estar atenta a los carteles nuevos, ocultos entre viejas publicidades y, en su gran mayor\u00eda, descoloridos por las \u00faltimas lluvias. Una chica llamada Marta hab\u00eda pegado con cinta americana a algunas farolas, unas cuartillas escritas a mano. Dice donde vive y cu\u00e1l es su tel\u00e9fono. Ofrece \u201cayuda gratis\u201d. En uno de los carteles, alguien le ha contestado un \u201cgracias a ti\u201d. Cerca de la Escuela de La Prospe encuentro varios carteles de la red de ayuda mutua del barrio que, como en otras zonas de la ciudad, <a href=\"https:\/\/www.elsaltodiario.com\/coronavirus\/redes-apoyo-mutuo-lugares-mas-castigados-por-coronavirus\">seg\u00fan le\u00ed en este reportaje de El Salto<\/a>, se han organizado r\u00e1pido y bien, con un banco de alimentos y capacidad y recursos para ayudar en lo que sea. Otras hojas peque\u00f1as, escritas a mano a boli azul, correspond\u00edan a una mujer costurera que vend\u00eda mascarillas hechas por ella en su tienda de arreglo de ropa; bajo su n\u00famero de tel\u00e9fono, hab\u00eda a\u00f1adido un \u201cestamos juntos\u201d. En una tienda de chuches y bocadillos, un cartel m\u00e1s elaborado informa de que las botellas de agua mineral son gratis para personal de limpieza, polic\u00eda, bomberos, carteros, conductores de ambulancia y otras profesiones al servicio de la ciudadan\u00eda. Pero en mi paseo, cuando bajaba la vista al suelo, a menudo encontraba mascarillas y guantes tirados en la acera. Somos capaces de lo mejor y lo peor, en el mismo metro cuadrado.<\/p>\n\n\n\n<figure class=\"wp-block-image\"><img loading=\"lazy\" decoding=\"async\" width=\"1024\" height=\"768\" src=\"http:\/\/www.elenacabrera.com\/weblog\/wp-content\/uploads\/Carteles-por-el-barrio-de-Prosperidad-1024x768.jpg\" alt=\"\" class=\"wp-image-2002003328\"\/><\/figure>\n\n\n\n<p style=\"text-align:right\"><em><a href=\"https:\/\/www.eldiario.es\/nidos\/Virus-barrio_0_1021548908.html\" target=\"_blank\" rel=\"noreferrer noopener\" aria-label=\"Sigue leyendo en eldiario.es (abre en una nueva pesta\u00f1a)\">Sigue leyendo en eldiario.es<\/a><\/em><\/p>\n","protected":false},"excerpt":{"rendered":"<p>Mi barrio es un vecindario bullicioso, el m\u00e1s popular del distrito m\u00e1s agresivo de Madrid en t\u00e9rminos inmobiliarios y de desigualdad de renta. En los mapas de color electoral, Prosperidad una isla roja alrededor de cientos de manzanas azules en Chamart\u00edn. Parece que hay ganas de gentrificarlo, se nota por el aumento de coworkings, bajos [&hellip;]<\/p>\n","protected":false},"author":1,"featured_media":2002003329,"comment_status":"closed","ping_status":"closed","sticky":false,"template":"","format":"standard","meta":{"footnotes":""},"categories":[],"tags":[],"class_list":["post-2002003299","post","type-post","status-publish","format-standard","has-post-thumbnail","hentry"],"_links":{"self":[{"href":"http:\/\/www.elenacabrera.com\/weblog3\/wp-json\/wp\/v2\/posts\/2002003299","targetHints":{"allow":["GET"]}}],"collection":[{"href":"http:\/\/www.elenacabrera.com\/weblog3\/wp-json\/wp\/v2\/posts"}],"about":[{"href":"http:\/\/www.elenacabrera.com\/weblog3\/wp-json\/wp\/v2\/types\/post"}],"author":[{"embeddable":true,"href":"http:\/\/www.elenacabrera.com\/weblog3\/wp-json\/wp\/v2\/users\/1"}],"replies":[{"embeddable":true,"href":"http:\/\/www.elenacabrera.com\/weblog3\/wp-json\/wp\/v2\/comments?post=2002003299"}],"version-history":[{"count":2,"href":"http:\/\/www.elenacabrera.com\/weblog3\/wp-json\/wp\/v2\/posts\/2002003299\/revisions"}],"predecessor-version":[{"id":2002003330,"href":"http:\/\/www.elenacabrera.com\/weblog3\/wp-json\/wp\/v2\/posts\/2002003299\/revisions\/2002003330"}],"wp:featuredmedia":[{"embeddable":true,"href":"http:\/\/www.elenacabrera.com\/weblog3\/wp-json\/wp\/v2\/media\/2002003329"}],"wp:attachment":[{"href":"http:\/\/www.elenacabrera.com\/weblog3\/wp-json\/wp\/v2\/media?parent=2002003299"}],"wp:term":[{"taxonomy":"category","embeddable":true,"href":"http:\/\/www.elenacabrera.com\/weblog3\/wp-json\/wp\/v2\/categories?post=2002003299"},{"taxonomy":"post_tag","embeddable":true,"href":"http:\/\/www.elenacabrera.com\/weblog3\/wp-json\/wp\/v2\/tags?post=2002003299"}],"curies":[{"name":"wp","href":"https:\/\/api.w.org\/{rel}","templated":true}]}}