{"id":2002003303,"date":"2020-05-02T11:22:42","date_gmt":"2020-05-02T09:22:42","guid":{"rendered":"http:\/\/www.elenacabrera.com\/weblog\/?p=2002003303"},"modified":"2020-05-09T19:29:10","modified_gmt":"2020-05-09T17:29:10","slug":"diario-del-coronavirus-45-postcataclismo","status":"publish","type":"post","link":"http:\/\/www.elenacabrera.com\/weblog3\/2020\/05\/02\/diario-del-coronavirus-45-postcataclismo\/","title":{"rendered":"Diario del coronavirus (45): Postcataclismo"},"content":{"rendered":"\n<p>Escribo el cuaderno de bit\u00e1cora de nuestra casa despu\u00e9s de los aplausos y durante la sesi\u00f3n de las dj en el pasaje peatonal en el que vivimos, que hoy incluye Mecano, Radio Futura, Pimpinela y Rafaela Carr\u00e1. Vemos desde nuestros balcones a un caminante que carga dos voluminosas bolsas de la compra justo en el preciso momento en el que Santiago Auser\u00f3n canta \u201cvas por ah\u00ed sin prestar atenci\u00f3n y cae sobre ti una maldici\u00f3n\u201d en el temazo <em>Escuela de calor<\/em>. Las vecinas le enchufan el meg\u00e1fono dirigido hacia su cabeza de una manera evidente, pero el chico no mira para arriba. \u201cNo le ha hecho ninguna gracia\u201d dice una de ellas, con una magn\u00edfica voz de arengadora de manifestaciones que ha ido puliendo con el paso de los d\u00edas en confinamiento. A \u00e9l no le ha hecho ninguna gracia, pero yo lo he celebrado grandemente.<\/p>\n\n\n\n<p>Leo por ah\u00ed que hay gente que no soporta a los dj de balc\u00f3n. Yo, que tengo mucha tonter\u00eda con la m\u00fasica que me gusta pero especialmente con la que no, me encanta que mis vecinas pongan canciones, incluso cuando pinchan <em>Paquito el chocolatero<\/em>, que ya es decir. Es una de las cosas que no quiero que se acaben. Ya que estamos definiendo la \u201cnueva normalidad\u201d, podr\u00edamos acordar que poner m\u00fasica para la vecindad, hablarnos a gritos, pedirnos canciones y desearnos las buenas noches y hasta ma\u00f1ana podr\u00eda formar parte de ella.<\/p>\n\n\n\n<p>Yo quiero seguir viviendo en el presente pero parece que hay que empezar a planificar c\u00f3mo ser\u00e1 el d\u00eda de ma\u00f1ana. Existe en Twitter un bot que tuitea cada vez que el New York Times publica una palabra que no haya usado jam\u00e1s en su peri\u00f3dico. Hoy lo ha hecho con la palabra \u201cpostcataclysm\u201d, que la traduzco as\u00ed como suena: postcataclismo. Resuena m\u00e1s acristalada, met\u00e1lica y clara que postapocalipsis pero podr\u00edan ser sin\u00f3nimos y adem\u00e1s tiene unas sonoridades semejantes a \u201cdesescalada\u201d, que tambi\u00e9n es un palabro curioso. Me sorprendi\u00f3 que el New York Times, que como todo el mundo sabe es un peri\u00f3dico muy serio, se estuviera permitiendo un derrape peliculero. Y la verdad es que s\u00ed, pero literalmente. En un juego period\u00edstico apasionante, el mismo programador del famoso bot (Max Bittker, 25 a\u00f1os) cre\u00f3 otra cuenta que contesta a la primera con el contexto en el que se ha utilizado la palabra. Para mi desilusi\u00f3n, el art\u00edculo no era sobre el coronavirus ni sobre el capitalismo, sino acerca de qu\u00e9 tipo de pel\u00edculas se hac\u00edan en 2002, medio a\u00f1o despu\u00e9s del 11-S, cuando el cine estadounidense comenzaba a sacar historias postcatacl\u00edsmicas (sigo inventando traducciones) con las que ir trabajando la reparaci\u00f3n colectiva.<\/p>\n\n\n\n<figure class=\"wp-block-embed-twitter wp-block-embed is-type-rich is-provider-twitter\"><div class=\"wp-block-embed__wrapper\">\n<blockquote class=\"twitter-tweet\" data-width=\"500\" data-dnt=\"true\"><p lang=\"fr\" dir=\"ltr\">postcataclysm<\/p>&mdash; New New York Times (@NYT_first_said) <a href=\"https:\/\/twitter.com\/NYT_first_said\/status\/1255903143008907266?ref_src=twsrc%5Etfw\">April 30, 2020<\/a><\/blockquote><script async src=\"https:\/\/platform.twitter.com\/widgets.js\" charset=\"utf-8\"><\/script>\n<\/div><\/figure>\n\n\n\n<p style=\"text-align:right\"><em><a href=\"https:\/\/www.eldiario.es\/nidos\/Postcataclismo_0_1022249029.html\" target=\"_blank\" rel=\"noreferrer noopener\" aria-label=\"Sigue leyendo en eldiario.es (abre en una nueva pesta\u00f1a)\">Sigue leyendo en eldiario.es<\/a><\/em><\/p>\n","protected":false},"excerpt":{"rendered":"<p>Escribo el cuaderno de bit\u00e1cora de nuestra casa despu\u00e9s de los aplausos y durante la sesi\u00f3n de las dj en el pasaje peatonal en el que vivimos, que hoy incluye Mecano, Radio Futura, Pimpinela y Rafaela Carr\u00e1. Vemos desde nuestros balcones a un caminante que carga dos voluminosas bolsas de la compra justo en el [&hellip;]<\/p>\n","protected":false},"author":1,"featured_media":2002003326,"comment_status":"closed","ping_status":"closed","sticky":false,"template":"","format":"standard","meta":{"footnotes":""},"categories":[],"tags":[],"class_list":["post-2002003303","post","type-post","status-publish","format-standard","has-post-thumbnail","hentry"],"_links":{"self":[{"href":"http:\/\/www.elenacabrera.com\/weblog3\/wp-json\/wp\/v2\/posts\/2002003303","targetHints":{"allow":["GET"]}}],"collection":[{"href":"http:\/\/www.elenacabrera.com\/weblog3\/wp-json\/wp\/v2\/posts"}],"about":[{"href":"http:\/\/www.elenacabrera.com\/weblog3\/wp-json\/wp\/v2\/types\/post"}],"author":[{"embeddable":true,"href":"http:\/\/www.elenacabrera.com\/weblog3\/wp-json\/wp\/v2\/users\/1"}],"replies":[{"embeddable":true,"href":"http:\/\/www.elenacabrera.com\/weblog3\/wp-json\/wp\/v2\/comments?post=2002003303"}],"version-history":[{"count":1,"href":"http:\/\/www.elenacabrera.com\/weblog3\/wp-json\/wp\/v2\/posts\/2002003303\/revisions"}],"predecessor-version":[{"id":2002003304,"href":"http:\/\/www.elenacabrera.com\/weblog3\/wp-json\/wp\/v2\/posts\/2002003303\/revisions\/2002003304"}],"wp:featuredmedia":[{"embeddable":true,"href":"http:\/\/www.elenacabrera.com\/weblog3\/wp-json\/wp\/v2\/media\/2002003326"}],"wp:attachment":[{"href":"http:\/\/www.elenacabrera.com\/weblog3\/wp-json\/wp\/v2\/media?parent=2002003303"}],"wp:term":[{"taxonomy":"category","embeddable":true,"href":"http:\/\/www.elenacabrera.com\/weblog3\/wp-json\/wp\/v2\/categories?post=2002003303"},{"taxonomy":"post_tag","embeddable":true,"href":"http:\/\/www.elenacabrera.com\/weblog3\/wp-json\/wp\/v2\/tags?post=2002003303"}],"curies":[{"name":"wp","href":"https:\/\/api.w.org\/{rel}","templated":true}]}}