{"id":2002003305,"date":"2020-05-04T11:27:23","date_gmt":"2020-05-04T09:27:23","guid":{"rendered":"http:\/\/www.elenacabrera.com\/weblog\/?p=2002003305"},"modified":"2020-05-09T11:49:46","modified_gmt":"2020-05-09T09:49:46","slug":"diario-del-coronavirus-46-mi-plan-bajo-demanda","status":"publish","type":"post","link":"http:\/\/www.elenacabrera.com\/weblog3\/2020\/05\/04\/diario-del-coronavirus-46-mi-plan-bajo-demanda\/","title":{"rendered":"Diario del coronavirus (46): Mi plan bajo demanda"},"content":{"rendered":"\n<p>Quiz\u00e1 nos hemos acostumbrado muy r\u00e1pidamente a que todo sea bajo demanda: de las pel\u00edculas y los programas de televisi\u00f3n a la lactancia, de las compras online a la hora, o incluso el d\u00eda, en que nos ponemos a leer los mensajes que nos han enviado. Esa es la explicaci\u00f3n que se me ocurre para la dificultad de cumplimiento de los horarios de salida que tenemos, desde este s\u00e1bado dos de mayo, en las grandes ciudades.<\/p>\n\n\n\n<p>Desde hoy, las personas entre 14 y 70 a\u00f1os podemos salir a pasear o correr entre las 6 y las 10 de la ma\u00f1ana. Hubiera sido bonito, pero eran las 10:15 y yo segu\u00eda en la cama. Se me pas\u00f3 por la cabeza, sin duda todav\u00eda dormida, cuando quiz\u00e1s quedaban quince minutos para las diez pero recuerdo que pens\u00e9 claramente que preferir\u00eda no hacerlo. Quitando todas las carreras que me echado en mi vida para llegar a la primera fila de los conciertos, habr\u00e9 corrido en la calle, en plan correr sin llegar tarde a ning\u00fan sitio, dos veces en total. Y me parece mucho para mi poderoso sentido del rid\u00edculo. Dice mi familia que no s\u00e9 correr, que hago una cosa rara con las piernas. Es muy probable y eso explicar\u00eda por qu\u00e9 no he llegado m\u00e1s que a segunda o tercera fila en los conciertos del Palacio de los Deportes de Madrid. Hoy, y que no sirva de precedente, he estado de acuerdo con el polic\u00eda del coche patrulla que ha grabado el reportero de El Pa\u00eds Manuel Viejo. El agente se pas\u00f3 la ma\u00f1ana reutilizando el comentario que tan ingenioso le hab\u00eda parecido, imagino que para que lo escuchara m\u00e1s gente: \u201c\u00a1ahora parece que todo el mundo hace deporte!\u201d.<\/p>\n\n\n\n<figure class=\"wp-block-embed-twitter wp-block-embed is-type-rich is-provider-twitter\"><div class=\"wp-block-embed__wrapper\">\n<blockquote class=\"twitter-tweet\" data-width=\"500\" data-dnt=\"true\"><p lang=\"es\" dir=\"ltr\">La polic\u00eda echa a un runner que sale a correr dentro de Madrid R\u00edo. \u201cNo se puede, por favor. No lo voy a repetir\u201d. Y despu\u00e9s, lanza un mensaje a todos: \u201cAhora parece que todo el mundo hace deporte\u201d. <a href=\"https:\/\/t.co\/PrVOjD8bzn\">pic.twitter.com\/PrVOjD8bzn<\/a><\/p>&mdash; Manuel Viejo (@LoloViejo) <a href=\"https:\/\/twitter.com\/LoloViejo\/status\/1256482438043308033?ref_src=twsrc%5Etfw\">May 2, 2020<\/a><\/blockquote><script async src=\"https:\/\/platform.twitter.com\/widgets.js\" charset=\"utf-8\"><\/script>\n<\/div><\/figure>\n\n\n\n<p>Intuyo que la ciudad se ha llenado de <em>fake runners<\/em>, de esos que no tienen ni la ropa reglamentaria. Medio Madrid con flato a mediod\u00eda. Me asomo a la ventana a las doce y veo una mujer con auriculares en los o\u00eddos, ropa de lycra ajustada tanto al cuerpo como a los est\u00e1ndares deportivos, paso trot\u00f3n y mod\u00e9lica inspiraci\u00f3n por la nariz y espiraci\u00f3n por la boca en forma de u. El problema es que deben faltarle unos 50 a\u00f1os para alcanzar la edad permitida para salir a esta hora del d\u00eda. As\u00ed no hay quien organice un pa\u00eds. <\/p>\n\n\n\n<p style=\"text-align:right\"><em><a href=\"https:\/\/www.eldiario.es\/nidos\/plan-demanda_0_1022948198.html\" target=\"_blank\" rel=\"noreferrer noopener\" aria-label=\"Sigue leyendo en eldiario.es (abre en una nueva pesta\u00f1a)\">Sigue leyendo en eldiario.es<\/a><\/em><\/p>\n","protected":false},"excerpt":{"rendered":"<p>Quiz\u00e1 nos hemos acostumbrado muy r\u00e1pidamente a que todo sea bajo demanda: de las pel\u00edculas y los programas de televisi\u00f3n a la lactancia, de las compras online a la hora, o incluso el d\u00eda, en que nos ponemos a leer los mensajes que nos han enviado. Esa es la explicaci\u00f3n que se me ocurre para [&hellip;]<\/p>\n","protected":false},"author":1,"featured_media":2002003324,"comment_status":"closed","ping_status":"closed","sticky":false,"template":"","format":"standard","meta":{"footnotes":""},"categories":[],"tags":[],"class_list":["post-2002003305","post","type-post","status-publish","format-standard","has-post-thumbnail","hentry"],"_links":{"self":[{"href":"http:\/\/www.elenacabrera.com\/weblog3\/wp-json\/wp\/v2\/posts\/2002003305","targetHints":{"allow":["GET"]}}],"collection":[{"href":"http:\/\/www.elenacabrera.com\/weblog3\/wp-json\/wp\/v2\/posts"}],"about":[{"href":"http:\/\/www.elenacabrera.com\/weblog3\/wp-json\/wp\/v2\/types\/post"}],"author":[{"embeddable":true,"href":"http:\/\/www.elenacabrera.com\/weblog3\/wp-json\/wp\/v2\/users\/1"}],"replies":[{"embeddable":true,"href":"http:\/\/www.elenacabrera.com\/weblog3\/wp-json\/wp\/v2\/comments?post=2002003305"}],"version-history":[{"count":1,"href":"http:\/\/www.elenacabrera.com\/weblog3\/wp-json\/wp\/v2\/posts\/2002003305\/revisions"}],"predecessor-version":[{"id":2002003306,"href":"http:\/\/www.elenacabrera.com\/weblog3\/wp-json\/wp\/v2\/posts\/2002003305\/revisions\/2002003306"}],"wp:featuredmedia":[{"embeddable":true,"href":"http:\/\/www.elenacabrera.com\/weblog3\/wp-json\/wp\/v2\/media\/2002003324"}],"wp:attachment":[{"href":"http:\/\/www.elenacabrera.com\/weblog3\/wp-json\/wp\/v2\/media?parent=2002003305"}],"wp:term":[{"taxonomy":"category","embeddable":true,"href":"http:\/\/www.elenacabrera.com\/weblog3\/wp-json\/wp\/v2\/categories?post=2002003305"},{"taxonomy":"post_tag","embeddable":true,"href":"http:\/\/www.elenacabrera.com\/weblog3\/wp-json\/wp\/v2\/tags?post=2002003305"}],"curies":[{"name":"wp","href":"https:\/\/api.w.org\/{rel}","templated":true}]}}