{"id":2002003313,"date":"2020-05-08T11:36:05","date_gmt":"2020-05-08T09:36:05","guid":{"rendered":"http:\/\/www.elenacabrera.com\/weblog\/?p=2002003313"},"modified":"2020-05-09T11:43:50","modified_gmt":"2020-05-09T09:43:50","slug":"diario-del-coronavirus-49-las-mascarillas-son-sexys","status":"publish","type":"post","link":"http:\/\/www.elenacabrera.com\/weblog3\/2020\/05\/08\/diario-del-coronavirus-49-las-mascarillas-son-sexys\/","title":{"rendered":"Diario del coronavirus (49): Las mascarillas son sexys"},"content":{"rendered":"\n<p>Cuando hab\u00edamos aprendido a decir \u201cgel hidroalcoh\u00f3lico\u201d con la misma naturalidad que \u201cbarra de pan\u201d, el Gobierno nos hace dos favores: fija un precio m\u00e1ximo de venta al p\u00fablico y, de paso, nos indica que el nombre correcto es \u201cantis\u00e9ptico de piel sana con funci\u00f3n virucida\u201d. Por curiosidad malsana, he calculado cu\u00e1nto me habr\u00eda costado hoy el antis\u00e9ptico de piel sana <a href=\"https:\/\/www.eldiario.es\/nidos\/matrimonio-cool-mundo_0_1015249077.html\">que compramos en pleno apogeo virucida<\/a>: 5,17 euros. Pero en aquel momento lo pagamos a precio de marisco: 15 euros cost\u00f3 el frasco de 225 ml.<\/p>\n\n\n\n<p>Las mascarillas higi\u00e9nicas, que tambi\u00e9n tienen un precio m\u00e1ximo de venta, se encuentran f\u00e1cilmente en las farmacias, aunque las de los supermercados, un poco m\u00e1s baratas, suelen estar agotadas. No obstante, he visto por la calle que cada d\u00eda hay m\u00e1s mascarillas cosidas en casa, con retales de cortinas o vestidos rotos. Tambi\u00e9n me asaltan los anuncios, en este mismo peri\u00f3dico, por ejemplo, de tiendas online que venden mascarillas de tela reutilizables con bonitos estampados que van del estilo lolailo al primaveral; se hace dif\u00edcil elegir. Despu\u00e9s de ver a Dave Gahan, uno de nuestros \u00eddolos musicales, con mascarilla negra, Alberto encarg\u00f3 una en una tienda online. Nos lleg\u00f3 hace unos d\u00edas y descubrimos con decepci\u00f3n que ten\u00eda menos protecci\u00f3n de la necesaria para lijar una estanter\u00eda y no toser mucho. La estamos reservando para alg\u00fan concierto \u2014nosotros somos muy de uniforme negro\u2014 pero me da la risa amarga mientras lo digo. \u00bfSe celebrar\u00e1n los conciertos y festivales para los que tenemos entrada a partir de septiembre? Si ni siquiera podr\u00e1n ir los ni\u00f1os todos juntos a clase, c\u00f3mo vamos a ir los mayores a api\u00f1arnos, a sudar, a cantar a voz en grito, a aplaudir sin ser las ocho de la tarde delante de, por poner un ejemplo recurrente <a href=\"https:\/\/www.eldiario.es\/nidos\/Diario-personal-cuarentena-coronavirus_0_1005099886.html\">desde el primer d\u00eda de este diario<\/a>, The Sisters of Mercy? No le pregunt\u00e9is al ministro de Cultura, que no tiene ni idea.<\/p>\n\n\n\n<p>Estos d\u00edas he hecho muchas entrevistas para escribir un reportaje sobre el que no quiero (ni puedo) hacer spoiler. Eleonor, que le interesa cualquier cosa mucho m\u00e1s que sus tareas escolares, se queda mir\u00e1ndome mientras yo hago entrevistas telef\u00f3nicas. Ni me doy cuenta de que ha abandonado sus deberes. Si puede, intenta meter pezu\u00f1a en la conversaci\u00f3n. En este tiempo, he tenido la oportunidad de saludar a los hijos de varios encargados de gabinetes de prensa: estamos todos igual. En realidad, me gusta que sucedan estas cosas, como los videos de conexiones en directo en la televisi\u00f3n en el que irrumpen hijos por la puerta, porque me recuerdan que tenemos una vida detr\u00e1s que habitualmente el trabajo hace invisible. No es barato hacerla invisible.<\/p>\n\n\n\n<p style=\"text-align:right\"><em><a href=\"https:\/\/www.eldiario.es\/nidos\/Fascinacion-mascarilla_0_1024348608.html\">Sigue leyendo en eldiario.es<\/a><\/em><\/p>\n","protected":false},"excerpt":{"rendered":"<p>Cuando hab\u00edamos aprendido a decir \u201cgel hidroalcoh\u00f3lico\u201d con la misma naturalidad que \u201cbarra de pan\u201d, el Gobierno nos hace dos favores: fija un precio m\u00e1ximo de venta al p\u00fablico y, de paso, nos indica que el nombre correcto es \u201cantis\u00e9ptico de piel sana con funci\u00f3n virucida\u201d. Por curiosidad malsana, he calculado cu\u00e1nto me habr\u00eda costado [&hellip;]<\/p>\n","protected":false},"author":1,"featured_media":2002003321,"comment_status":"closed","ping_status":"closed","sticky":false,"template":"","format":"standard","meta":{"footnotes":""},"categories":[],"tags":[],"class_list":["post-2002003313","post","type-post","status-publish","format-standard","has-post-thumbnail","hentry"],"_links":{"self":[{"href":"http:\/\/www.elenacabrera.com\/weblog3\/wp-json\/wp\/v2\/posts\/2002003313","targetHints":{"allow":["GET"]}}],"collection":[{"href":"http:\/\/www.elenacabrera.com\/weblog3\/wp-json\/wp\/v2\/posts"}],"about":[{"href":"http:\/\/www.elenacabrera.com\/weblog3\/wp-json\/wp\/v2\/types\/post"}],"author":[{"embeddable":true,"href":"http:\/\/www.elenacabrera.com\/weblog3\/wp-json\/wp\/v2\/users\/1"}],"replies":[{"embeddable":true,"href":"http:\/\/www.elenacabrera.com\/weblog3\/wp-json\/wp\/v2\/comments?post=2002003313"}],"version-history":[{"count":1,"href":"http:\/\/www.elenacabrera.com\/weblog3\/wp-json\/wp\/v2\/posts\/2002003313\/revisions"}],"predecessor-version":[{"id":2002003314,"href":"http:\/\/www.elenacabrera.com\/weblog3\/wp-json\/wp\/v2\/posts\/2002003313\/revisions\/2002003314"}],"wp:featuredmedia":[{"embeddable":true,"href":"http:\/\/www.elenacabrera.com\/weblog3\/wp-json\/wp\/v2\/media\/2002003321"}],"wp:attachment":[{"href":"http:\/\/www.elenacabrera.com\/weblog3\/wp-json\/wp\/v2\/media?parent=2002003313"}],"wp:term":[{"taxonomy":"category","embeddable":true,"href":"http:\/\/www.elenacabrera.com\/weblog3\/wp-json\/wp\/v2\/categories?post=2002003313"},{"taxonomy":"post_tag","embeddable":true,"href":"http:\/\/www.elenacabrera.com\/weblog3\/wp-json\/wp\/v2\/tags?post=2002003313"}],"curies":[{"name":"wp","href":"https:\/\/api.w.org\/{rel}","templated":true}]}}