{"id":2002003348,"date":"2020-05-11T21:07:32","date_gmt":"2020-05-11T19:07:32","guid":{"rendered":"http:\/\/www.elenacabrera.com\/weblog\/?p=2002003348"},"modified":"2020-05-11T21:07:32","modified_gmt":"2020-05-11T19:07:32","slug":"diario-del-coronavirus-52-bronca-policial","status":"publish","type":"post","link":"http:\/\/www.elenacabrera.com\/weblog3\/2020\/05\/11\/diario-del-coronavirus-52-bronca-policial\/","title":{"rendered":"Diario del coronavirus (52): Bronca policial"},"content":{"rendered":"\n<p>En el parque, los ni\u00f1os juegan en pandilla, la mayor\u00eda con mascarillas. Parec\u00eda un d\u00eda normal de un a\u00f1o normal. Los que estaban estresados eran los adultos<\/p>\n\n\n\n<p>Tan solo diez minutos antes, K. nos preguntaba si nos hab\u00eda rega\u00f1ado alguna vez la polic\u00eda, si nos hab\u00edan pedido explicaciones sobre qu\u00e9 hac\u00edamos en la calle o quer\u00edan saber d\u00f3nde estaba nuestra casa. A m\u00ed, nunca, le dije. P. le contest\u00f3 que a ella tampoco, pero le contamos que al marido de una amiga le hab\u00edan parado dos veces en el coche, cuando llevaba o devolv\u00eda a su hijo de su otra casa, pues tienen una custodia compartida. El polic\u00eda le advirti\u00f3 que deber\u00eda llevar la sentencia o el acuerdo que lo justifique siempre encima. No hubo multa.Y esa es la aventura policial m\u00e1s importante que ten\u00edamos para contar. Hasta hoy.<\/p>\n\n\n\n<p>Est\u00e1bamos en el Parque de Berl\u00edn, la zona verde m\u00e1s grande de nuestro barrio. Nos hab\u00edamos encontrado all\u00ed por casualidad. Digo por casualidad pero la verdad es que nos imagin\u00e1bamos que coincidir\u00edamos por all\u00ed, lo cual no es raro, pues suma al domingo por la ma\u00f1ana, el buen tiempo y los parques reci\u00e9n abiertos a unos ni\u00f1os y ni\u00f1as con energ\u00eda reprimida, y puede que no haya un mejor sitio al que acudir. Lo cierto es que me encontr\u00e9 con much\u00edsimas personas conocidas, casi todos padres y madres con los que compartimos colegio. Daba alegr\u00eda verse, como cuando comienza el curso en septiembre y notas cierto alivio porque regresa el orden del oto\u00f1o, el cual se echa un poco de menos despu\u00e9s del desenfreno del verano. En lugar de qu\u00e9 tal las vacaciones, nos pregunt\u00e1bamos, alzando la voz para salvar la distancia, qu\u00e9 tal el confinamiento. Nadie dec\u00eda fatal, qu\u00e9 horror, insoportable. Supongo que un poco de sol y arboleda te hace olvidar lo malo y te quita la ganas de quejarte. O quiz\u00e1 es que lo han pasado bomba. No lo s\u00e9 y tampoco es el momento de preguntar m\u00e1s all\u00e1. Creo que hay cosas que solo se pueden confesar con voz bajita y eso, en estas condiciones, es imposible.<\/p>\n\n\n\n<p style=\"text-align:right\"><em><a href=\"https:\/\/www.eldiario.es\/nidos\/Bronca-policial_0_1025747911.html\" target=\"_blank\" rel=\"noreferrer noopener\" aria-label=\"Sigue leyendo en eldiario.es (abre en una nueva pesta\u00f1a)\">Sigue leyendo en eldiario.es<\/a><\/em><\/p>\n","protected":false},"excerpt":{"rendered":"<p>En el parque, los ni\u00f1os juegan en pandilla, la mayor\u00eda con mascarillas. Parec\u00eda un d\u00eda normal de un a\u00f1o normal. Los que estaban estresados eran los adultos Tan solo diez minutos antes, K. nos preguntaba si nos hab\u00eda rega\u00f1ado alguna vez la polic\u00eda, si nos hab\u00edan pedido explicaciones sobre qu\u00e9 hac\u00edamos en la calle o [&hellip;]<\/p>\n","protected":false},"author":1,"featured_media":2002003349,"comment_status":"closed","ping_status":"closed","sticky":false,"template":"","format":"standard","meta":{"footnotes":""},"categories":[],"tags":[],"class_list":["post-2002003348","post","type-post","status-publish","format-standard","has-post-thumbnail","hentry"],"_links":{"self":[{"href":"http:\/\/www.elenacabrera.com\/weblog3\/wp-json\/wp\/v2\/posts\/2002003348","targetHints":{"allow":["GET"]}}],"collection":[{"href":"http:\/\/www.elenacabrera.com\/weblog3\/wp-json\/wp\/v2\/posts"}],"about":[{"href":"http:\/\/www.elenacabrera.com\/weblog3\/wp-json\/wp\/v2\/types\/post"}],"author":[{"embeddable":true,"href":"http:\/\/www.elenacabrera.com\/weblog3\/wp-json\/wp\/v2\/users\/1"}],"replies":[{"embeddable":true,"href":"http:\/\/www.elenacabrera.com\/weblog3\/wp-json\/wp\/v2\/comments?post=2002003348"}],"version-history":[{"count":1,"href":"http:\/\/www.elenacabrera.com\/weblog3\/wp-json\/wp\/v2\/posts\/2002003348\/revisions"}],"predecessor-version":[{"id":2002003350,"href":"http:\/\/www.elenacabrera.com\/weblog3\/wp-json\/wp\/v2\/posts\/2002003348\/revisions\/2002003350"}],"wp:featuredmedia":[{"embeddable":true,"href":"http:\/\/www.elenacabrera.com\/weblog3\/wp-json\/wp\/v2\/media\/2002003349"}],"wp:attachment":[{"href":"http:\/\/www.elenacabrera.com\/weblog3\/wp-json\/wp\/v2\/media?parent=2002003348"}],"wp:term":[{"taxonomy":"category","embeddable":true,"href":"http:\/\/www.elenacabrera.com\/weblog3\/wp-json\/wp\/v2\/categories?post=2002003348"},{"taxonomy":"post_tag","embeddable":true,"href":"http:\/\/www.elenacabrera.com\/weblog3\/wp-json\/wp\/v2\/tags?post=2002003348"}],"curies":[{"name":"wp","href":"https:\/\/api.w.org\/{rel}","templated":true}]}}