{"id":2002003359,"date":"2020-05-14T18:12:16","date_gmt":"2020-05-14T16:12:16","guid":{"rendered":"http:\/\/www.elenacabrera.com\/weblog\/?p=2002003359"},"modified":"2020-05-17T18:15:18","modified_gmt":"2020-05-17T16:15:18","slug":"diario-del-coronavirus-54-una-idea-loca-nuestra-resistencia-es-limitada","status":"publish","type":"post","link":"http:\/\/www.elenacabrera.com\/weblog3\/2020\/05\/14\/diario-del-coronavirus-54-una-idea-loca-nuestra-resistencia-es-limitada\/","title":{"rendered":"Diario del coronavirus (54): Una idea loca: nuestra resistencia es limitada"},"content":{"rendered":"\n<p>\u201c\u00bfAlguien me ha preguntado si yo quer\u00eda desescalarme?\u201d. Se lo he le\u00eddo a un chico en Twitter. La respuesta era, obviamente, que no y que, adem\u00e1s, no quer\u00eda, no le daba la gana, no as\u00ed, no ahora. En esta situaci\u00f3n nuestra opini\u00f3n cuenta poco. Por mucho que expresemos nuestras opiniones sobre c\u00f3mo nos gustar\u00eda que fuera el mundo al que regresemos cuando todo esto haya acabado, tengo la sensaci\u00f3n de que nadie nos escucha.&nbsp;<\/p>\n\n\n\n<p>Es el momento de hacernos preguntas que parecen absurdas, podr\u00edamos escuchar a los ni\u00f1os y las ni\u00f1as, que son expertos en ellas. Yo tengo una muy cerca. Eleonor, que est\u00e1 disfrutando de este tiempo de confinamiento con bastante alegr\u00eda y, hasta dir\u00eda, placer, me dijo: \u201c\u00bfpor qu\u00e9 no vamos al colegio y t\u00fa trabajas durante el fin de semana y nos divertimos el resto?\u201d. Buen\u00edsima idea, le dije. De hecho, hay empresas que tienen semanas laborales de cuatro d\u00edas, le explic\u00f3. Pareci\u00f3 conformarse, al menos, para empezar por ah\u00ed. La posibilidad de que en septiembre fuera el colegio un d\u00eda s\u00ed y otro no, para hacer m\u00e1s peque\u00f1os los grupos. le parece un planazo. Sus plegarias han sido escuchadas.<\/p>\n\n\n\n<p>La empresa para la que trabajo por cuenta ajena, nos comunic\u00f3 a los empleados que nos \u201cdeserteaban\u201d desde este pasado lunes. S\u00e9 que el verbo suena raro, pero si hemos usado \u201certear\u201d para cuando te cae un ERTE encima, pues podemos tambi\u00e9n inventarnos el palabro contrario. Me llama la atenci\u00f3n que el verbo que se suele utilizar es \u201csacar del ERTE\u201d, que me hace recordar a las m\u00e1quinas acristaladas que funcionan echando una moneda y accionando un gancho para agarrar un peluche de los orejas. A los empleados nos han sacado del ERTE \u201cparcialmente\u201d, lo cual hay que explicarlo siempre, porque no quiere decir que a unos s\u00ed y otros no, sino que solo estamos en el ERTE la mitad del d\u00eda. Por la ma\u00f1ana curramos y por la tarde, \u201certeamos\u201d. Esto ser\u00eda la desescalada laboral para ir desperezando poco a poco y entre todos la maquinaria de la producci\u00f3n. Otras empresas period\u00edsticas, que hab\u00edan aguantado \u201cmetiendo\u201d en el ERTE a partes peque\u00f1as de la plantilla, en estos d\u00edas siguen ampli\u00e1ndolo, aplicando reducciones de jornada. \u201cEmosido ERTEADOS\u201d, nos dijo una amiga periodista por WhatsApp; no fue una sorpresa.<\/p>\n\n\n\n<p style=\"text-align:right\"><em><a href=\"https:\/\/www.eldiario.es\/nidos\/idea-loca-resistencia-limitada_0_1026448454.html\" target=\"_blank\" rel=\"noreferrer noopener\" aria-label=\"Sigue leyendo en eldiario.es (abre en una nueva pesta\u00f1a)\">Sigue leyendo en eldiario.es<\/a><\/em><\/p>\n","protected":false},"excerpt":{"rendered":"<p>\u201c\u00bfAlguien me ha preguntado si yo quer\u00eda desescalarme?\u201d. Se lo he le\u00eddo a un chico en Twitter. La respuesta era, obviamente, que no y que, adem\u00e1s, no quer\u00eda, no le daba la gana, no as\u00ed, no ahora. En esta situaci\u00f3n nuestra opini\u00f3n cuenta poco. Por mucho que expresemos nuestras opiniones sobre c\u00f3mo nos gustar\u00eda que [&hellip;]<\/p>\n","protected":false},"author":1,"featured_media":2002003360,"comment_status":"closed","ping_status":"closed","sticky":false,"template":"","format":"standard","meta":{"footnotes":""},"categories":[],"tags":[],"class_list":["post-2002003359","post","type-post","status-publish","format-standard","has-post-thumbnail","hentry"],"_links":{"self":[{"href":"http:\/\/www.elenacabrera.com\/weblog3\/wp-json\/wp\/v2\/posts\/2002003359","targetHints":{"allow":["GET"]}}],"collection":[{"href":"http:\/\/www.elenacabrera.com\/weblog3\/wp-json\/wp\/v2\/posts"}],"about":[{"href":"http:\/\/www.elenacabrera.com\/weblog3\/wp-json\/wp\/v2\/types\/post"}],"author":[{"embeddable":true,"href":"http:\/\/www.elenacabrera.com\/weblog3\/wp-json\/wp\/v2\/users\/1"}],"replies":[{"embeddable":true,"href":"http:\/\/www.elenacabrera.com\/weblog3\/wp-json\/wp\/v2\/comments?post=2002003359"}],"version-history":[{"count":1,"href":"http:\/\/www.elenacabrera.com\/weblog3\/wp-json\/wp\/v2\/posts\/2002003359\/revisions"}],"predecessor-version":[{"id":2002003361,"href":"http:\/\/www.elenacabrera.com\/weblog3\/wp-json\/wp\/v2\/posts\/2002003359\/revisions\/2002003361"}],"wp:featuredmedia":[{"embeddable":true,"href":"http:\/\/www.elenacabrera.com\/weblog3\/wp-json\/wp\/v2\/media\/2002003360"}],"wp:attachment":[{"href":"http:\/\/www.elenacabrera.com\/weblog3\/wp-json\/wp\/v2\/media?parent=2002003359"}],"wp:term":[{"taxonomy":"category","embeddable":true,"href":"http:\/\/www.elenacabrera.com\/weblog3\/wp-json\/wp\/v2\/categories?post=2002003359"},{"taxonomy":"post_tag","embeddable":true,"href":"http:\/\/www.elenacabrera.com\/weblog3\/wp-json\/wp\/v2\/tags?post=2002003359"}],"curies":[{"name":"wp","href":"https:\/\/api.w.org\/{rel}","templated":true}]}}