{"id":2002003365,"date":"2020-05-18T18:17:51","date_gmt":"2020-05-18T16:17:51","guid":{"rendered":"http:\/\/www.elenacabrera.com\/weblog\/?p=2002003365"},"modified":"2020-05-17T18:20:02","modified_gmt":"2020-05-17T16:20:02","slug":"diario-del-coronavirus-56-mascarillas-para-siempre","status":"publish","type":"post","link":"http:\/\/www.elenacabrera.com\/weblog3\/2020\/05\/18\/diario-del-coronavirus-56-mascarillas-para-siempre\/","title":{"rendered":"Diario del coronavirus (56): Mascarillas para siempre"},"content":{"rendered":"\n<p>Est\u00e1bamos a punto de quedarnos sin mascarillas. Nos hemos ido apa\u00f1ando con las seis o siete del tipo quir\u00fargico que ten\u00edamos en casa desde el principio del confinamiento, adem\u00e1s de la de tela de Eleonor (tipo kawaii, comprada en una Japan Weekend hace a\u00f1os y que jam\u00e1s podr\u00edamos haber imaginado que le dar\u00edamos un uso real) y de la que le hab\u00edan dado a Alberto en su trabajo. Por otro lado, hab\u00edamos comprado online una de color negro, que cuando lleg\u00f3 por correo result\u00f3 ser una full, as\u00ed que solo la hemos usado para posar con ella.<\/p>\n\n\n\n<p>Por eso, empec\u00e9 a buscar qu\u00e9 tipo de mascarilla, y d\u00f3nde, deb\u00edamos comprar. Una de mis grandes preocupaciones relativas a este asunto es <a href=\"https:\/\/www.eldiario.es\/sociedad\/residuos-coronavirus_0_1020148921.html\">el aumento en un 300% de los residuos sanitarios<\/a>, que supongo que llevar\u00e1 parejo tambi\u00e9n m\u00e1s residuos en los hogares. En Madrid, los vertederos y las incineradoras est\u00e1n desbordados. Han tenido que habilitar Valdeming\u00f3mez para quemar 50 toneladas diarias de residuos que hab\u00edan estado en contacto con el COVID-19. Cada vez que echaba al cubo de basura una mascarilla de un solo uso, agarr\u00e1ndola con cuidado por una de las cintas y dej\u00e1ndola caer a la bolsa del resto, como si cogiera una lagartijilla por la cola, me pon\u00eda nerviosa, mirando los desechos con culpabilidad. <a href=\"https:\/\/residuos.casa\/about\">El Laboratorio de Ideas sobre Residuos ha lanzado un proyecto<\/a> para que personas voluntarias pesen en sus casas, antes de tirarlas, las bolsas de los residuos generados durante el confinamiento, del 5 de de mayo al 5 de junio. Me apuesto a que los resultados van a ser espeluznantes. <a href=\"https:\/\/www.nationalgeographic.com.es\/naturaleza\/resurgir-plastico-por-culpa-coronavirus_15488\">El pl\u00e1stico ha resurgido<\/a> durante el coronavirus, vemos mascarillas y guantes tirados por las calles y el campo y, el colmo fue verlas llegar al mar, en&nbsp; la foto de <a href=\"http:\/\/oceansasia.org\/beach-mask-coronavirus\/\">las mascarillas pescadas<\/a> por un activista de OceansAsia.<\/p>\n\n\n\n<p>Siguiendo la Gu\u00eda para la compra de mascarillas del Ministerio de Consumo, me qued\u00f3 claro que en casa necesitamos mascarillas higi\u00e9nicas, no quir\u00fargicas ni con efes ni con pes. De hecho, en cuanto pase por la farmacia a recoger la FFP2 que nos regala la Comunidad de Madrid, la donar\u00e9 en mi centro de salud. Las dimensiones de la pandemia (por usar una frase hecha que me encanta) merecen pasar al siguiente nivel, que no significa una mascarilla de mejor calidad, sino una que no tenga que tirar a la basura. Si fuera una se\u00f1ora adinerada y despreocupada, comprar\u00eda por 40 euros unas m\u00e1scaras de seda maravillosas que hace Susie Cave, la esposa de Nick Cave, en su marca The Vampire\u2019s Wife, donando el cien por cien de lo que gana con ellas a la OMS. Se agotaron en un d\u00eda, casi como las quir\u00fargicas en el peor momento de la pandemia en Madrid. Las marcas de moda est\u00e1n haciendo mascarillas con el mismo tejido que vestidos y ba\u00f1adores, para pasar un verano chic, a unos precios de esc\u00e1ndalo. No hay revista de moda o femenina que no haya hecho ya su reportaje sobre eso.<\/p>\n\n\n\n<p style=\"text-align:right\"><em><a href=\"https:\/\/www.eldiario.es\/nidos\/Mascarillas-siempre_0_1027148459.html\" target=\"_blank\" rel=\"noreferrer noopener\" aria-label=\"Sigue leyendo en eldiario.es (abre en una nueva pesta\u00f1a)\">Sigue leyendo en eldiario.es<\/a><\/em><\/p>\n","protected":false},"excerpt":{"rendered":"<p>Est\u00e1bamos a punto de quedarnos sin mascarillas. Nos hemos ido apa\u00f1ando con las seis o siete del tipo quir\u00fargico que ten\u00edamos en casa desde el principio del confinamiento, adem\u00e1s de la de tela de Eleonor (tipo kawaii, comprada en una Japan Weekend hace a\u00f1os y que jam\u00e1s podr\u00edamos haber imaginado que le dar\u00edamos un uso [&hellip;]<\/p>\n","protected":false},"author":1,"featured_media":2002003366,"comment_status":"closed","ping_status":"closed","sticky":false,"template":"","format":"standard","meta":{"footnotes":""},"categories":[],"tags":[],"class_list":["post-2002003365","post","type-post","status-publish","format-standard","has-post-thumbnail","hentry"],"_links":{"self":[{"href":"http:\/\/www.elenacabrera.com\/weblog3\/wp-json\/wp\/v2\/posts\/2002003365","targetHints":{"allow":["GET"]}}],"collection":[{"href":"http:\/\/www.elenacabrera.com\/weblog3\/wp-json\/wp\/v2\/posts"}],"about":[{"href":"http:\/\/www.elenacabrera.com\/weblog3\/wp-json\/wp\/v2\/types\/post"}],"author":[{"embeddable":true,"href":"http:\/\/www.elenacabrera.com\/weblog3\/wp-json\/wp\/v2\/users\/1"}],"replies":[{"embeddable":true,"href":"http:\/\/www.elenacabrera.com\/weblog3\/wp-json\/wp\/v2\/comments?post=2002003365"}],"version-history":[{"count":1,"href":"http:\/\/www.elenacabrera.com\/weblog3\/wp-json\/wp\/v2\/posts\/2002003365\/revisions"}],"predecessor-version":[{"id":2002003367,"href":"http:\/\/www.elenacabrera.com\/weblog3\/wp-json\/wp\/v2\/posts\/2002003365\/revisions\/2002003367"}],"wp:featuredmedia":[{"embeddable":true,"href":"http:\/\/www.elenacabrera.com\/weblog3\/wp-json\/wp\/v2\/media\/2002003366"}],"wp:attachment":[{"href":"http:\/\/www.elenacabrera.com\/weblog3\/wp-json\/wp\/v2\/media?parent=2002003365"}],"wp:term":[{"taxonomy":"category","embeddable":true,"href":"http:\/\/www.elenacabrera.com\/weblog3\/wp-json\/wp\/v2\/categories?post=2002003365"},{"taxonomy":"post_tag","embeddable":true,"href":"http:\/\/www.elenacabrera.com\/weblog3\/wp-json\/wp\/v2\/tags?post=2002003365"}],"curies":[{"name":"wp","href":"https:\/\/api.w.org\/{rel}","templated":true}]}}