{"id":2002003368,"date":"2020-05-17T21:27:19","date_gmt":"2020-05-17T19:27:19","guid":{"rendered":"http:\/\/www.elenacabrera.com\/weblog\/?p=2002003368"},"modified":"2020-05-17T21:27:20","modified_gmt":"2020-05-17T19:27:20","slug":"como-esta-afectando-el-coronavirus-al-sector-audiovisual","status":"publish","type":"post","link":"http:\/\/www.elenacabrera.com\/weblog3\/2020\/05\/17\/como-esta-afectando-el-coronavirus-al-sector-audiovisual\/","title":{"rendered":"C\u00f3mo est\u00e1 afectando el coronavirus al sector audiovisual"},"content":{"rendered":"\n<p>Los guionistas y directores de cine y televisi\u00f3n prev\u00e9n una p\u00e9rdida de la mitad (52%) de sus ingresos este a\u00f1o, seg\u00fan una encuesta realizada por la entidad de gesti\u00f3n de derechos audiovisuales DAMA y que adelanta eldiario.es. El estado de alarma, consecuencia del  impacto de la pandemia generada por el coronavirus, ha provocado la paralizaci\u00f3n de la actividad en este sector, que se caracteriza por su  intermitencia y, por tanto, acarrea ingresos espor\u00e1dicos. \u00abVivimos en condiciones precarias porque despu\u00e9s de terminar una producci\u00f3n, te  puedes tirar un a\u00f1os o dos sin hacer otra serie o pel\u00edcula, vas tirando  de los ahorros pero se vive al d\u00eda y, cuando llega algo de esta  magnitud, te quedas en blanco\u00bb, explica Julia Altares, guionista de <em>Amar es para siempre<\/em> y anteriormente, de otras series como <em>El s\u00faper<\/em>.<\/p>\n\n\n\n<p>La  encuesta, realizada mediante cuestionario online a 200 profesionales  del sector entre los d\u00edas 24 y 28 de abril por los soci\u00f3logos Jos\u00e9 Antonio G\u00f3mez Y\u00e1\u00f1ez (Universidad Carlos III) y Javier Carrillo Bernal (Universidad Rey Juan Carlos), se realiz\u00f3 poco m\u00e1s de un mes despu\u00e9s de que comenzaran las medidas de confinamiento, pero en ese momento los  da\u00f1os ya eran graves: el 62,4% de los encuestados admite haberse quedado  sin actividad laboral debido a los efectos de la pandemia y el 49,2%  estima que puede perder m\u00e1s del 50% de sus ingresos. En esas fechas, el Ministerio de Cultura todav\u00eda no hab\u00eda anunciado las esperadas ayudas al sector cultural.<\/p>\n\n\n\n<p>Se trata de un sector complejo en el que, seg\u00fan los  mismos datos aportados por la encuesta, el 51,3% son aut\u00f3nomos y casi la mitad (43%) necesitan de otro trabajo para vivir, que en general suele ser la docencia. En una estimaci\u00f3n de la cuant\u00eda de las p\u00e9rdidas, entre quienes asumen la producci\u00f3n de sus obras, la media de p\u00e9rdidas se sit\u00faa en 30.850 euros. Y, entre los que tienen ingresos alternativos como docentes del audiovisual, la media est\u00e1 en 20.425 euros. Los que tiene contratos de obra y servicio, calculan que perder\u00e1n unos 33.800 euros de media.<\/p>\n\n\n\n<p style=\"text-align:right\"><em><a href=\"https:\/\/www.eldiario.es\/cultura\/profesionales-audiovisual-drastica-laborales-coronavirus_0_1026798402.html\">Sigue leyendo en eldiario.es<\/a><\/em><\/p>\n","protected":false},"excerpt":{"rendered":"<p>El 62% de los directores y guionistas se han quedado sin actividad laboral por efecto del coronavirus <\/p>\n","protected":false},"author":1,"featured_media":2002003369,"comment_status":"closed","ping_status":"closed","sticky":false,"template":"","format":"standard","meta":{"footnotes":""},"categories":[],"tags":[],"class_list":["post-2002003368","post","type-post","status-publish","format-standard","has-post-thumbnail","hentry"],"_links":{"self":[{"href":"http:\/\/www.elenacabrera.com\/weblog3\/wp-json\/wp\/v2\/posts\/2002003368","targetHints":{"allow":["GET"]}}],"collection":[{"href":"http:\/\/www.elenacabrera.com\/weblog3\/wp-json\/wp\/v2\/posts"}],"about":[{"href":"http:\/\/www.elenacabrera.com\/weblog3\/wp-json\/wp\/v2\/types\/post"}],"author":[{"embeddable":true,"href":"http:\/\/www.elenacabrera.com\/weblog3\/wp-json\/wp\/v2\/users\/1"}],"replies":[{"embeddable":true,"href":"http:\/\/www.elenacabrera.com\/weblog3\/wp-json\/wp\/v2\/comments?post=2002003368"}],"version-history":[{"count":1,"href":"http:\/\/www.elenacabrera.com\/weblog3\/wp-json\/wp\/v2\/posts\/2002003368\/revisions"}],"predecessor-version":[{"id":2002003370,"href":"http:\/\/www.elenacabrera.com\/weblog3\/wp-json\/wp\/v2\/posts\/2002003368\/revisions\/2002003370"}],"wp:featuredmedia":[{"embeddable":true,"href":"http:\/\/www.elenacabrera.com\/weblog3\/wp-json\/wp\/v2\/media\/2002003369"}],"wp:attachment":[{"href":"http:\/\/www.elenacabrera.com\/weblog3\/wp-json\/wp\/v2\/media?parent=2002003368"}],"wp:term":[{"taxonomy":"category","embeddable":true,"href":"http:\/\/www.elenacabrera.com\/weblog3\/wp-json\/wp\/v2\/categories?post=2002003368"},{"taxonomy":"post_tag","embeddable":true,"href":"http:\/\/www.elenacabrera.com\/weblog3\/wp-json\/wp\/v2\/tags?post=2002003368"}],"curies":[{"name":"wp","href":"https:\/\/api.w.org\/{rel}","templated":true}]}}