{"id":2002003377,"date":"2020-06-22T22:57:35","date_gmt":"2020-06-22T20:57:35","guid":{"rendered":"http:\/\/www.elenacabrera.com\/weblog\/?p=2002003377"},"modified":"2020-06-23T15:22:52","modified_gmt":"2020-06-23T13:22:52","slug":"y-ahora-que","status":"publish","type":"post","link":"http:\/\/www.elenacabrera.com\/weblog3\/2020\/06\/22\/y-ahora-que\/","title":{"rendered":"Y ahora qu\u00e9"},"content":{"rendered":"\n<p>Se ha terminado el acuerdo que hicimos entre la narraci\u00f3n, eldiario.es y yo para mantener abierta todos los d\u00edas una ventana con vistas a mi casa. El s\u00e1bado por la noche corr\u00ed la cortina y recuperamos el secreto de nuestra intimidad cotidiana. Lo interesante de mi ventaba no era solo que pudierais vernos desde fuera sino que nosotros tambi\u00e9n os ve\u00edamos desde dentro. <\/p>\n\n\n\n<p>Nunca fue una venta del todo transparente, como os pod\u00e9is imaginar. El lugar en el que se publicaban las 82 cr\u00f3nicas del Diario del coronavirus me hac\u00eda mantener una tensi\u00f3n constante con la autocensura, en cada p\u00e1rrafo me preguntaba si deb\u00eda encender o no la luz. A veces escrib\u00ed cosas que borr\u00e9 y, otras veces, no escrib\u00ed cosas de las que me arrepiento.<\/p>\n\n\n\n<p>Me gustaba mucho escribir cada d\u00eda de manera libre y sin las ataduras del periodismo. Pero algunas entradas las sufr\u00ed, bloqueada frente a la pantalla, avanzando sobre cada frase como si pretendiera cruzar el desierto. Lo echo de menos pero tambi\u00e9n me siento liberada, pues durante tres meses he dedicado al menos dos horas cada tarde. Si a ese tiempo le sumas el resto de obligaciones laborales: mi trabajo en Gen X Games y los otros art\u00edculos para eldiario.es, adem\u00e1s de los cuidados, acab\u00e9 agotada.<\/p>\n\n\n\n<p>Me gustar\u00eda convertirlo en un libro. \u00bfSer\u00eda publicable? \u00bfAlguna sugerencia de editorial? Si no lo quiere nadie, har\u00eda como mis vecinos: lo imprimir\u00eda yo misma y har\u00eda un ejemplar para Eleonor quien, a fin de cuentas, es la verdadera protagonista. Yo solo soy su Jonathan Harker.<\/p>\n","protected":false},"excerpt":{"rendered":"<p>Se ha terminado el acuerdo que hicimos entre la narraci\u00f3n, eldiario.es y yo para mantener abierta todos los d\u00edas una ventana con vistas a mi casa. El s\u00e1bado por la noche corr\u00ed la cortina y recuperamos el secreto de nuestra intimidad cotidiana. Lo interesante de mi ventaba no era solo que pudierais vernos desde fuera [&hellip;]<\/p>\n","protected":false},"author":1,"featured_media":2002003378,"comment_status":"closed","ping_status":"closed","sticky":false,"template":"","format":"standard","meta":{"footnotes":""},"categories":[2],"tags":[],"class_list":["post-2002003377","post","type-post","status-publish","format-standard","has-post-thumbnail","hentry","category-twentytwentyfive"],"_links":{"self":[{"href":"http:\/\/www.elenacabrera.com\/weblog3\/wp-json\/wp\/v2\/posts\/2002003377","targetHints":{"allow":["GET"]}}],"collection":[{"href":"http:\/\/www.elenacabrera.com\/weblog3\/wp-json\/wp\/v2\/posts"}],"about":[{"href":"http:\/\/www.elenacabrera.com\/weblog3\/wp-json\/wp\/v2\/types\/post"}],"author":[{"embeddable":true,"href":"http:\/\/www.elenacabrera.com\/weblog3\/wp-json\/wp\/v2\/users\/1"}],"replies":[{"embeddable":true,"href":"http:\/\/www.elenacabrera.com\/weblog3\/wp-json\/wp\/v2\/comments?post=2002003377"}],"version-history":[{"count":1,"href":"http:\/\/www.elenacabrera.com\/weblog3\/wp-json\/wp\/v2\/posts\/2002003377\/revisions"}],"predecessor-version":[{"id":2002003379,"href":"http:\/\/www.elenacabrera.com\/weblog3\/wp-json\/wp\/v2\/posts\/2002003377\/revisions\/2002003379"}],"wp:featuredmedia":[{"embeddable":true,"href":"http:\/\/www.elenacabrera.com\/weblog3\/wp-json\/wp\/v2\/media\/2002003378"}],"wp:attachment":[{"href":"http:\/\/www.elenacabrera.com\/weblog3\/wp-json\/wp\/v2\/media?parent=2002003377"}],"wp:term":[{"taxonomy":"category","embeddable":true,"href":"http:\/\/www.elenacabrera.com\/weblog3\/wp-json\/wp\/v2\/categories?post=2002003377"},{"taxonomy":"post_tag","embeddable":true,"href":"http:\/\/www.elenacabrera.com\/weblog3\/wp-json\/wp\/v2\/tags?post=2002003377"}],"curies":[{"name":"wp","href":"https:\/\/api.w.org\/{rel}","templated":true}]}}