{"id":2002003387,"date":"2020-05-26T14:55:32","date_gmt":"2020-05-26T12:55:32","guid":{"rendered":"http:\/\/www.elenacabrera.com\/weblog\/?p=2002003387"},"modified":"2020-06-23T14:57:12","modified_gmt":"2020-06-23T12:57:12","slug":"diario-del-coronavirus-62-en-la-vispera-de-la-fase-1","status":"publish","type":"post","link":"http:\/\/www.elenacabrera.com\/weblog3\/2020\/05\/26\/diario-del-coronavirus-62-en-la-vispera-de-la-fase-1\/","title":{"rendered":"Diario del coronavirus (62): En la v\u00edspera de la fase 1"},"content":{"rendered":"\n<p>En Madrid, epicentro de la cat\u00e1strofe (a muchos niveles), en la v\u00edspera de pasar a fase 1, no se habla de otra cosa. Hasta el punto de ser uno de los temas principales en las videollamadas de los ni\u00f1os. Impresiona ver a los micos mantener las mismas conversaciones que los mayores, o al menos muy similares:<\/p>\n\n\n\n<p>\u2014 \u00a1El lunes pasamos a fase 1!<br>\u2014 \u00bfCu\u00e1ndo vienes a dormir a mi casa?<\/p>\n\n\n\n<p>No s\u00e9 otros ni\u00f1os, pero el objetivo principal de mi hija, para la fase 1 y para la vida en general, es mezclarse mucho con la gente. Le pirra la fiesta m\u00e1s que una bolsa de pipas. Y tambi\u00e9n las casas de los dem\u00e1s. Su idea de la felicidad es pasar la noche fuera de casa de manera espont\u00e1nea, como yo con 20 a\u00f1os pero ella a los 8. Ha preguntado en varias ocasiones exactamente a qu\u00e9 hora del lunes comienza la fase 1.<\/p>\n\n\n\n<p>Eleonor est\u00e1 muy informada de todo lo que le interesa. Consume telediarios con un vicio que es posible que yo le haya contagiado. Si un d\u00eda estoy saturada de noticias y cojo el mando para apagar la tele cuando termina uno, ella me lo arrebata de la mano y me mira como si estuviera haciendo una locura: \u201c\u00a1que ahora empieza el de la otra cadena!\u201d. Durante el telediario pregunta cosas como \u201c\u00bfqu\u00e9 son anticuerpos?\u201d o \u201c\u00bfqui\u00e9n es el malo?\u201d. Pregunta por el malo en el telediario igual que lo hace en las pel\u00edculas. Lo que es el argumento (de la pandemia) yo dir\u00eda que lo ha pillado bien, as\u00ed como los arcos de sus personajes principales y la evoluci\u00f3n de la trama. Puede ser que hasta le haya puesto un t\u00edtulo: cuando ve un lugar donde no se est\u00e1n guardando las distancias de seguridad dice: \u201cmira, mam\u00e1, fiesta del coronavirus\u201d. He dicho que era una pel\u00edcula pero no he aclarado de qu\u00e9 g\u00e9nero. Trat\u00e1ndose de Eleonor, siempre es una comedia.<br><\/p>\n\n\n\n<p>Desde que Pedro S\u00e1nchez nos ha dicho a los espa\u00f1oles que podemos ir planificando nuestras vacaciones, la vida se ha vuelto m\u00e1s complicada. Yo, de verdad, viv\u00eda m\u00e1s a gusto al d\u00eda, sin tener que planificar nada. Me hablaba el otro d\u00eda un amigo, que ha pasado por la COVID-19, que lo de pasar una temporada en la cama le ha parecido tentador. Inevitablemente nos acordamos de un vecino de mi barrio, el escritor uruguayo Juan Carlos Onetti, en cuya cama con vistas a la Avenida de Am\u00e9rica yaci\u00f3 (y escribi\u00f3) durante a\u00f1os. A m\u00ed ahora ahora mismo me tienta la opci\u00f3n de permanecer en estado de alarma permanente, como canta Bunbury en su \u00faltimo disco, y quitarme de la ansiedad de la planificaci\u00f3n. He disfrutado del rigor horario del confinamiento y tambi\u00e9n de las medidas de alivio de la fase 0. Por eso estoy por plantarme, mostrar mis cartas y terminar aqu\u00ed la partida.<\/p>\n\n\n\n<p style=\"text-align:right\"><em><a href=\"https:\/\/www.eldiario.es\/nidos\/vispera-fase_0_1030647418.html\">Sigue leyendo en eldiario.es<\/a><\/em><\/p>\n","protected":false},"excerpt":{"rendered":"<p>En Madrid, epicentro de la cat\u00e1strofe (a muchos niveles), en la v\u00edspera de pasar a fase 1, no se habla de otra cosa. Hasta el punto de ser uno de los temas principales en las videollamadas de los ni\u00f1os. Impresiona ver a los micos mantener las mismas conversaciones que los mayores, o al menos muy [&hellip;]<\/p>\n","protected":false},"author":1,"featured_media":0,"comment_status":"closed","ping_status":"closed","sticky":false,"template":"","format":"standard","meta":{"footnotes":""},"categories":[],"tags":[],"class_list":["post-2002003387","post","type-post","status-publish","format-standard","hentry"],"_links":{"self":[{"href":"http:\/\/www.elenacabrera.com\/weblog3\/wp-json\/wp\/v2\/posts\/2002003387","targetHints":{"allow":["GET"]}}],"collection":[{"href":"http:\/\/www.elenacabrera.com\/weblog3\/wp-json\/wp\/v2\/posts"}],"about":[{"href":"http:\/\/www.elenacabrera.com\/weblog3\/wp-json\/wp\/v2\/types\/post"}],"author":[{"embeddable":true,"href":"http:\/\/www.elenacabrera.com\/weblog3\/wp-json\/wp\/v2\/users\/1"}],"replies":[{"embeddable":true,"href":"http:\/\/www.elenacabrera.com\/weblog3\/wp-json\/wp\/v2\/comments?post=2002003387"}],"version-history":[{"count":1,"href":"http:\/\/www.elenacabrera.com\/weblog3\/wp-json\/wp\/v2\/posts\/2002003387\/revisions"}],"predecessor-version":[{"id":2002003388,"href":"http:\/\/www.elenacabrera.com\/weblog3\/wp-json\/wp\/v2\/posts\/2002003387\/revisions\/2002003388"}],"wp:attachment":[{"href":"http:\/\/www.elenacabrera.com\/weblog3\/wp-json\/wp\/v2\/media?parent=2002003387"}],"wp:term":[{"taxonomy":"category","embeddable":true,"href":"http:\/\/www.elenacabrera.com\/weblog3\/wp-json\/wp\/v2\/categories?post=2002003387"},{"taxonomy":"post_tag","embeddable":true,"href":"http:\/\/www.elenacabrera.com\/weblog3\/wp-json\/wp\/v2\/tags?post=2002003387"}],"curies":[{"name":"wp","href":"https:\/\/api.w.org\/{rel}","templated":true}]}}