{"id":2002003390,"date":"2020-05-27T14:59:18","date_gmt":"2020-05-27T12:59:18","guid":{"rendered":"http:\/\/www.elenacabrera.com\/weblog\/?p=2002003390"},"modified":"2020-06-23T15:03:33","modified_gmt":"2020-06-23T13:03:33","slug":"diario-del-coronavirus-63-no-me-beses-por-favor","status":"publish","type":"post","link":"http:\/\/www.elenacabrera.com\/weblog3\/2020\/05\/27\/diario-del-coronavirus-63-no-me-beses-por-favor\/","title":{"rendered":"Diario del coronavirus (63): No me beses, por favor"},"content":{"rendered":"\n<p>Aunque se me pas\u00f3 por la cabeza (un par de veces, tres a lo sumo) no ten\u00eda ninguna intenci\u00f3n de bajar a la terraza del bar el primer d\u00eda de la fase 1. En casa hab\u00edamos llegado ya al consenso de que arrojarse con los brazos abiertos a la socializaci\u00f3n hostelera en el primer d\u00eda permitido era temerario, a parte de poco elegante: podr\u00edamos parecer desesperados.<\/p>\n\n\n\n<p>De manera que estaba manteniendo el tipo bastante bien durante la hora del desayuno, la del verm\u00fa y la del caf\u00e9, hasta que vinieron dos ni\u00f1os a casa a llamarnos a gritos por el balc\u00f3n&nbsp; la hora de las cervezas. Aunque parece cosa de pueblo, que sep\u00e1is que estas maravillas siguen pasando en algunos barrios en Madrid. Me asom\u00e9. Les dije que Eleonor no estaba en casa. \u201cQue dice nuestra madre que bajes a la terraza del bar\u201d, me gritaron, igualmente. Qui\u00e9n le dice que no a un ni\u00f1o.&nbsp;<\/p>\n\n\n\n<p>Me calc\u00e9 las sandalias, cog\u00ed la mascarilla, las llaves, el m\u00f3vil, un billete y baj\u00e9 a la calle, acompa\u00f1ando de vuelta a los amigos de mi hija hasta la mesa en la que se hab\u00eda hecho fuerte su madre. A. me esperaba con una Estrella en la mano, dispuesta a brindar. El bar est\u00e1 situado en una plaza peatonal, en realidad un sitio de paso entre una calle y un pasaje. A pesar de que estaba concurrido, a\u00fan hab\u00eda alg\u00fan sitio libre. Los due\u00f1os hab\u00edan colocado menos mesas de lo habitual y se hab\u00edan expandido hacia la calle. Ya he contado por aqu\u00ed que lo llamamos la terraza sindical por su proximidad a la sede de la UGT. Es el centro de vida y reuni\u00f3n de estas calles. Si vas sola, es muy probable que encuentres a alg\u00fan vecino conocido con el que tomarte algo y, si no, siempre est\u00e1s a gusto all\u00ed dejando pasar la vida un rato. Los ni\u00f1os y las ni\u00f1as juegan alrededor, se persiguen o corretean con patinetes entre las mesas. El lugar tiene sus t\u00edpicos parroquianos, fieles y carism\u00e1ticos, como todo bar de barrio. El verano pasado, su due\u00f1o durante a\u00f1os, un gallego de Baiona que hac\u00eda las mejores tortillas estilo Betanzos de Madrid, se jubil\u00f3 y a\u00fan no nos hemos acostumbrado al cambio. Esta tarde, \u00e9l y su esposa ocupaban la mesa junto a la que se hab\u00eda instalado A. Les pregunt\u00e9 si es que echaban de menos esto y el paisano no me acab\u00f3 de decir si s\u00ed o si no, o no me acab\u00e9 de enterar, pero me pareci\u00f3 que su presencia en el d\u00eda de la inauguraci\u00f3n lo dec\u00eda todo. Pese al confinamiento y los achaques, Jos\u00e9 Luis ten\u00eda un gesto de relax maravilloso, del hombre trabajado que se sienta, como cliente, en la terraza del bar que fue suyo, a que le sirvan.<\/p>\n\n\n\n<p style=\"text-align:right\"><em><a href=\"https:\/\/www.eldiario.es\/nidos\/beses-favor_0_1030997905.html\">Sigue leyendo en eldiario.es<\/a><\/em><\/p>\n","protected":false},"excerpt":{"rendered":"<p>Parec\u00eda desesperado bajar el primer d\u00eda de la fase 1 a la terraza del bar pero no me ha quedado m\u00e1s remedio<\/p>\n","protected":false},"author":1,"featured_media":2002003391,"comment_status":"closed","ping_status":"closed","sticky":false,"template":"","format":"standard","meta":{"footnotes":""},"categories":[],"tags":[],"class_list":["post-2002003390","post","type-post","status-publish","format-standard","has-post-thumbnail","hentry"],"_links":{"self":[{"href":"http:\/\/www.elenacabrera.com\/weblog3\/wp-json\/wp\/v2\/posts\/2002003390","targetHints":{"allow":["GET"]}}],"collection":[{"href":"http:\/\/www.elenacabrera.com\/weblog3\/wp-json\/wp\/v2\/posts"}],"about":[{"href":"http:\/\/www.elenacabrera.com\/weblog3\/wp-json\/wp\/v2\/types\/post"}],"author":[{"embeddable":true,"href":"http:\/\/www.elenacabrera.com\/weblog3\/wp-json\/wp\/v2\/users\/1"}],"replies":[{"embeddable":true,"href":"http:\/\/www.elenacabrera.com\/weblog3\/wp-json\/wp\/v2\/comments?post=2002003390"}],"version-history":[{"count":1,"href":"http:\/\/www.elenacabrera.com\/weblog3\/wp-json\/wp\/v2\/posts\/2002003390\/revisions"}],"predecessor-version":[{"id":2002003392,"href":"http:\/\/www.elenacabrera.com\/weblog3\/wp-json\/wp\/v2\/posts\/2002003390\/revisions\/2002003392"}],"wp:featuredmedia":[{"embeddable":true,"href":"http:\/\/www.elenacabrera.com\/weblog3\/wp-json\/wp\/v2\/media\/2002003391"}],"wp:attachment":[{"href":"http:\/\/www.elenacabrera.com\/weblog3\/wp-json\/wp\/v2\/media?parent=2002003390"}],"wp:term":[{"taxonomy":"category","embeddable":true,"href":"http:\/\/www.elenacabrera.com\/weblog3\/wp-json\/wp\/v2\/categories?post=2002003390"},{"taxonomy":"post_tag","embeddable":true,"href":"http:\/\/www.elenacabrera.com\/weblog3\/wp-json\/wp\/v2\/tags?post=2002003390"}],"curies":[{"name":"wp","href":"https:\/\/api.w.org\/{rel}","templated":true}]}}