{"id":2002003393,"date":"2020-05-28T15:03:45","date_gmt":"2020-05-28T13:03:45","guid":{"rendered":"http:\/\/www.elenacabrera.com\/weblog\/?p=2002003393"},"modified":"2020-06-23T15:05:40","modified_gmt":"2020-06-23T13:05:40","slug":"diario-del-coronavirus-64-fase-abuelos","status":"publish","type":"post","link":"http:\/\/www.elenacabrera.com\/weblog3\/2020\/05\/28\/diario-del-coronavirus-64-fase-abuelos\/","title":{"rendered":"Diario del coronavirus (64): Fase abuelos"},"content":{"rendered":"\n<p>Eleonor estaba tan nerviosa por ver a sus abuelos que no ha sido capaz de resolver un problema en toda la ma\u00f1ana. En lugar de eso, los ha creado: ten\u00eda a su padre mosqueado porque era incapaz de concentrarse. Los abuelos de mi hija han aprovechado una visita al dentista para pasar por nuestra casa y ver a su nieta en carne y hueso por primera vez en m\u00e1s de dos meses.<\/p>\n\n\n\n<p>Llev\u00e1bamos d\u00edas debatiendo sobre los protocolos que \u00edbamos a establecer. La cosa hab\u00eda acabado en llanto en alguna de las sesiones de preparaci\u00f3n. Nosotros, el partido en el Gobierno (de esta casa) propusimos que no hubiera contacto f\u00edsico, que se mantuviera la distancia que permitieran los muebles del sal\u00f3n y que todos llev\u00e1ramos mascarillas. La lideresa de la Oposici\u00f3n (Eleonor) esgrimi\u00f3 un argumento incontestable: \u201c\u00bf\u00bfpero c\u00f3mo no voy a abrazar a mis abuelos si son mis abuelos??\u201d. El resto de grupos de la Oposici\u00f3n (los abuelos), con los que este Gobierno intent\u00f3 entablar un pacto de coalici\u00f3n para sacar adelante este proyecto de visita, prefirieron abstenerse. En realidad, quer\u00edan votar en contra de nuestra ley, pero se encontraban divididos entre el amor a la nieta y su responsabilidad como poblaci\u00f3n de riesgo.<\/p>\n\n\n\n<p>Las negociaciones se prolongaron hasta muy entrada la noche (en verdad, durante el confinamiento, siempre ha habido alguna excusa para que lo que sea se prolongue hasta muy entrada la noche) y los equipos negociadores se fueron a la cama habiendo hecho concesiones por ambas partes: llevar\u00edamos mascarillas, mantendr\u00edamos las distancias y evitar\u00edamos los abrazos. En los corrillos del pasillo, la lideresa de la Oposici\u00f3n dej\u00f3 caer a los periodistas congregados (yo) que una cosa es a lo que se hubiera comprometido y otra muy diferente lo que fuera capaz de evitar. La pareja de Gobierno dej\u00f3 clara su postura: ellos no abrazar\u00edan, y en concreto sin duda no lo har\u00eda <a href=\"https:\/\/www.eldiario.es\/nidos\/beses-favor_0_1030997905.html\">la que el d\u00eda anterior hab\u00eda estado tomando un mosto<\/a> en la terraza del bar del barrio, dej\u00e1ndose besar por imprudentes j\u00f3venes sin mascarilla. Dejaron en manos de la geometr\u00eda variable que la responsabilidad del grupo abuelo de la Oposici\u00f3n impusiera su mayor\u00eda y se respetaran las medidas de seguridad.<\/p>\n\n\n\n<p style=\"text-align:right\"><em><a href=\"https:\/\/www.eldiario.es\/nidos\/Fase-abuelos_0_1031348006.html\">Sigue leyendo en eldiario.es<\/a><\/em><\/p>\n","protected":false},"excerpt":{"rendered":"<p>Con la llegada de la fase 1 de la desescalada a Madrid, los nietos imponen sus condiciones en una dura negociaci\u00f3n con el equipo de Gobierno.<\/p>\n","protected":false},"author":1,"featured_media":0,"comment_status":"closed","ping_status":"closed","sticky":false,"template":"","format":"standard","meta":{"footnotes":""},"categories":[],"tags":[],"class_list":["post-2002003393","post","type-post","status-publish","format-standard","hentry"],"_links":{"self":[{"href":"http:\/\/www.elenacabrera.com\/weblog3\/wp-json\/wp\/v2\/posts\/2002003393","targetHints":{"allow":["GET"]}}],"collection":[{"href":"http:\/\/www.elenacabrera.com\/weblog3\/wp-json\/wp\/v2\/posts"}],"about":[{"href":"http:\/\/www.elenacabrera.com\/weblog3\/wp-json\/wp\/v2\/types\/post"}],"author":[{"embeddable":true,"href":"http:\/\/www.elenacabrera.com\/weblog3\/wp-json\/wp\/v2\/users\/1"}],"replies":[{"embeddable":true,"href":"http:\/\/www.elenacabrera.com\/weblog3\/wp-json\/wp\/v2\/comments?post=2002003393"}],"version-history":[{"count":1,"href":"http:\/\/www.elenacabrera.com\/weblog3\/wp-json\/wp\/v2\/posts\/2002003393\/revisions"}],"predecessor-version":[{"id":2002003394,"href":"http:\/\/www.elenacabrera.com\/weblog3\/wp-json\/wp\/v2\/posts\/2002003393\/revisions\/2002003394"}],"wp:attachment":[{"href":"http:\/\/www.elenacabrera.com\/weblog3\/wp-json\/wp\/v2\/media?parent=2002003393"}],"wp:term":[{"taxonomy":"category","embeddable":true,"href":"http:\/\/www.elenacabrera.com\/weblog3\/wp-json\/wp\/v2\/categories?post=2002003393"},{"taxonomy":"post_tag","embeddable":true,"href":"http:\/\/www.elenacabrera.com\/weblog3\/wp-json\/wp\/v2\/tags?post=2002003393"}],"curies":[{"name":"wp","href":"https:\/\/api.w.org\/{rel}","templated":true}]}}