{"id":2002003397,"date":"2020-05-30T15:07:45","date_gmt":"2020-05-30T13:07:45","guid":{"rendered":"http:\/\/www.elenacabrera.com\/weblog\/?p=2002003397"},"modified":"2020-06-23T15:09:03","modified_gmt":"2020-06-23T13:09:03","slug":"diario-del-coronavirus-66-vete-tu-a-saber","status":"publish","type":"post","link":"http:\/\/www.elenacabrera.com\/weblog3\/2020\/05\/30\/diario-del-coronavirus-66-vete-tu-a-saber\/","title":{"rendered":"Diario del coronavirus (66): Vete t\u00fa a saber"},"content":{"rendered":"\n<p>Empecemos rebobinando. Cuando estall\u00f3 la pandemia, Alberto y yo solo ten\u00edamos entradas compradas para dos conciertos. Habl\u00e9 de ello en la primera entrada de este diario: unos 20 d\u00edas despu\u00e9s del decreto del estado de alarma estaba prevista la actuaci\u00f3n de uno de los grupos m\u00e1s importantes del rock g\u00f3tico: The Sisters of Mercy. <a href=\"https:\/\/www.eldiario.es\/nidos\/Diario-personal-cuarentena-coronavirus_0_1005099886.html\">Escrib\u00ed \u201cme temo lo peor\u201d<\/a>. No ten\u00eda ni idea de lo que estaba por venir y adem\u00e1s equivoqu\u00e9 mucho el tiro al pensar que, en lo que a mi ego\u00edstas aspiraciones musicales concern\u00eda, lo peor que pod\u00eda pasar es que el concierto se suspendiera. Una semana despu\u00e9s, <a href=\"https:\/\/www.eldiario.es\/nidos\/Necesitamos-Ejercito-organice-deberes_0_1006500608.html\">lo compart\u00ed con vosotros<\/a>, lleg\u00f3 la buena noticia del aplazamiento hasta septiembre. \u201cVete t\u00fa a saber c\u00f3mo estamos en septiembre\u201d, opin\u00f3 mi pareja muy cabalmente. <a href=\"https:\/\/www.eldiario.es\/nidos\/todavia-oscuro-Europa_0_1013499114.html\">Eso tambi\u00e9n os lo cont\u00e9<\/a>, en una p\u00e1gina especial que adem\u00e1s ven\u00eda titulada con un verso de una canci\u00f3n del grupo. Lo mismo que Alberto debieron pensar los promotores de la gira, o la propia banda, al volver a cancelar de nuevo los conciertos de septiembre y aplazarlos, esta vez a una m\u00e1s prudente fecha en marzo de 2021. Un a\u00f1o despu\u00e9s. Y ahora viene la gracia. Las otras entradas que nos hab\u00edamos comprado nos abr\u00edan las puertas de un festival de reciente creaci\u00f3n llamado Dark Mad, cuya segunda edici\u00f3n deb\u00eda celebrarse en octubre de 2021 en Pinto, un pueblo a las afueras de Madrid. \u201cVete t\u00fa a saber c\u00f3mo estaremos en octubre\u201d, debi\u00f3 decir Alberto en alg\u00fan momento. \u00bfCu\u00e1l es el tr\u00e1gico desenlace de esta dram\u00e1tica historia? Que ambas citas, tanto el concierto de The Sisters of Mercy como el festival Dark Mad han sido reprogramados para el mismo d\u00eda: el 24 de marzo. Ni qu\u00e9 decir tiene que hablamos del mismo p\u00fablico: son las mismas 3.000 personas que ir\u00edan al concierto y al Dark Mad. De hecho, el grupo bien podr\u00eda ser el cabeza de cartel del festival. Este tiro en el pie es incomprensible y uno, o quiz\u00e1s los dos promotores, van a salir perdiendo. El p\u00fablico, desde luego. \u00bfQu\u00e9 haremos nosotros? Ni idea por ahora. Pero lo cierto es que, ya que no podemos estar en dos sitios a la vez, habr\u00e1 que tomar una decisi\u00f3n cuanto antes porque los promotores est\u00e1n anunciando unos plazos cortos para tomar la decisi\u00f3n de devolver la entrada.&nbsp;<\/p>\n\n\n\n<p>Lo inquietante es que no parece un caso aislado. Hacer encajar los eventos musicales del a\u00f1o 2020 en el a\u00f1o 2021, teniendo en cuenta que ya hab\u00eda conciertos anteriormente programados para esas fechas, est\u00e1 siendo un calvario para los profesionales de la industria. Algunos nos preguntamos qu\u00e9 tipo de tejido musical va a quedar despu\u00e9s de esto. Muchos grupos, nos enteramos por sus redes sociales, han perdido dinero por las cancelaciones de sus giras. Hay peque\u00f1os promotores que puede que no se recuperen de las cancelaciones. Y nosotros, bueno, nosotros no nos recuperamos del susto.<\/p>\n\n\n\n<p>Hoy no hemos salido a nuestro balc\u00f3n a aplaudir a las ocho. No hab\u00eda nadie en casa. Eso ya dice mucho de c\u00f3mo va la desescalada. La Comunidad de Madrid ha ampliado los horarios de salida de los ni\u00f1os y, si los combinas con las ganas de los padres de tomar tintos de verano en las terrazas del barrio, diluye con tristeza el importante gesto de apoyo a la sanidad p\u00fablica. Y, en verdad, tambi\u00e9n nos diluye un poco a todos como comunidad que se apoya mutuamente. A Alberto y a nuestra hija Eleonor les pill\u00f3 en el parque. A m\u00ed, bajando por la calle Lavapi\u00e9s, despu\u00e9s de una segunda visita al fisioterapeuta. Aplaud\u00ed sorteando las terrazas, pobladas y ruidosas, mirando hacia los balcones, donde en lugar de alegr\u00eda encontr\u00e9 medias sonrisas, algunas miradas serias y esquivas, en general gestos de resignaci\u00f3n. Yo era la \u00fanica persona que aplaud\u00eda en la calle. Las palmas fueron breves, apenas me dio tiempo a recorrer algunos portales, y a las ocho y tres minutos ya se hab\u00eda agotado.<\/p>\n\n\n\n<p style=\"text-align:right\"><em><a href=\"https:\/\/www.eldiario.es\/nidos\/Vete-saber_0_1032047978.html\">Sigue leyendo en eldiario.es<\/a><\/em><\/p>\n","protected":false},"excerpt":{"rendered":"<p>Empecemos rebobinando. Cuando estall\u00f3 la pandemia, Alberto y yo solo ten\u00edamos entradas compradas para dos conciertos. Habl\u00e9 de ello en la primera entrada de este diario: unos 20 d\u00edas despu\u00e9s del decreto del estado de alarma estaba prevista la actuaci\u00f3n de uno de los grupos m\u00e1s importantes del rock g\u00f3tico: The Sisters of Mercy. Escrib\u00ed [&hellip;]<\/p>\n","protected":false},"author":1,"featured_media":0,"comment_status":"closed","ping_status":"closed","sticky":false,"template":"","format":"standard","meta":{"footnotes":""},"categories":[],"tags":[],"class_list":["post-2002003397","post","type-post","status-publish","format-standard","hentry"],"_links":{"self":[{"href":"http:\/\/www.elenacabrera.com\/weblog3\/wp-json\/wp\/v2\/posts\/2002003397","targetHints":{"allow":["GET"]}}],"collection":[{"href":"http:\/\/www.elenacabrera.com\/weblog3\/wp-json\/wp\/v2\/posts"}],"about":[{"href":"http:\/\/www.elenacabrera.com\/weblog3\/wp-json\/wp\/v2\/types\/post"}],"author":[{"embeddable":true,"href":"http:\/\/www.elenacabrera.com\/weblog3\/wp-json\/wp\/v2\/users\/1"}],"replies":[{"embeddable":true,"href":"http:\/\/www.elenacabrera.com\/weblog3\/wp-json\/wp\/v2\/comments?post=2002003397"}],"version-history":[{"count":1,"href":"http:\/\/www.elenacabrera.com\/weblog3\/wp-json\/wp\/v2\/posts\/2002003397\/revisions"}],"predecessor-version":[{"id":2002003398,"href":"http:\/\/www.elenacabrera.com\/weblog3\/wp-json\/wp\/v2\/posts\/2002003397\/revisions\/2002003398"}],"wp:attachment":[{"href":"http:\/\/www.elenacabrera.com\/weblog3\/wp-json\/wp\/v2\/media?parent=2002003397"}],"wp:term":[{"taxonomy":"category","embeddable":true,"href":"http:\/\/www.elenacabrera.com\/weblog3\/wp-json\/wp\/v2\/categories?post=2002003397"},{"taxonomy":"post_tag","embeddable":true,"href":"http:\/\/www.elenacabrera.com\/weblog3\/wp-json\/wp\/v2\/tags?post=2002003397"}],"curies":[{"name":"wp","href":"https:\/\/api.w.org\/{rel}","templated":true}]}}