{"id":2002003399,"date":"2020-06-01T15:09:12","date_gmt":"2020-06-01T13:09:12","guid":{"rendered":"http:\/\/www.elenacabrera.com\/weblog\/?p=2002003399"},"modified":"2020-06-23T15:10:32","modified_gmt":"2020-06-23T13:10:32","slug":"diario-del-coronavirus-67-los-primeros-turistas-en-la-ciudad","status":"publish","type":"post","link":"http:\/\/www.elenacabrera.com\/weblog3\/2020\/06\/01\/diario-del-coronavirus-67-los-primeros-turistas-en-la-ciudad\/","title":{"rendered":"Diario del coronavirus (67): Los primeros turistas en la ciudad"},"content":{"rendered":"\n<p>Cada d\u00eda, expandimos un poco m\u00e1s los l\u00edmites del confinamiento. En concreto, hoy los hemos expandido hasta Goya. Para los que no conocen Madrid, me refiero a una zona comercial en el barrio de Salamanca, no al pintor. Son dos kil\u00f3metros los que separan nuestra casa de esas calles y los hemos cubierto caminando. las bochornosas im\u00e1genes de la ir\u00f3nicamente denominada <a href=\"https:\/\/www.eldiario.es\/carnecruda\/lo-llevamos-crudo\/Cayetanos_6_1028607182.html\">\u201crevoluci\u00f3n de los cayetanos\u201d<\/a> suced\u00edan en este barrio. Hemos ido Alberto y yo con nuestra hija Eleonor, montada en el patinete, corriendo riesgos extremos, zigzagueando entre las cl\u00e1sicas se\u00f1oras que caminan en grupo (lo siguen haciendo agarradas del brazo, como lo hac\u00edan antes, pero ahora ataviadas con mascarillas), otra familias con otros ni\u00f1os suicidas en patinete, las mesas de las terrazas, las colas para conseguir mesa en las terrazas y las colas para entrar a los comercios. Al desandar los mismos dos kil\u00f3metros de vuelta a casa, no ve\u00eda la hora de llegar y encerrarnos como si todav\u00eda estuvi\u00e9ramos trepando angustiosamente por la curva de contagio.<\/p>\n\n\n\n<p>Nos dirig\u00edamos a una peque\u00f1a tienda de c\u00f3mics llamada Atom. A medio camino, en la se\u00f1orial calle Ortega y Gasset, escuch\u00e9 mi nombre a gritos, proveniente de entre los coches. Mir\u00e9 y no v\u00ed nada. Al poco, se abri\u00f3 paso montada en su bicicleta mi amiga C., que regresaba de su trabajo en un librer\u00eda del centro. Dice que no sabe c\u00f3mo nos ha reconocido, si vamos los tres con gafas de sol y mascarilla. Es iron\u00eda, claro, la verdad es que los tapabocas no enmascaran a nadie, m\u00e1s bien al contrario: Eleonor lleva tiburones; Alberto, camuflaje; yo, negro luto y las se\u00f1oras del barrio de Salamanca, banderas de Espa\u00f1a. Imagino que cada uno pone por delante sus miedos. Lo de mi hija con los tiburones tiene categor\u00eda de trauma, me imagino que a los dem\u00e1s nos pasa lo mismo.<\/p>\n\n\n\n<p>La pregunto a C. c\u00f3mo va la cosa por la librer\u00eda. Nos cuenta que le ha llamado la atenci\u00f3n que los clientes que entran van a comprar, lo cual hace el trabajo mucho m\u00e1s efectivo. Cuando hab\u00eda turismo en el centro de Madrid, la mayor\u00eda entraban para darse una vuelta. Visto como estaba hoy la ciudad, en un barrio que no podr\u00edamos considerar el centro pero s\u00ed bastante c\u00e9ntrico, lo \u00fanico que falta por volver a la calle es el turismo. Y eso a pesar de que muchos de nosotros parec\u00edamos turistas en nuestra propia ciudad. Alberto y yo, que somos ya un par de viejos nost\u00e1lgicos, caminamos por la calle Conde de Pe\u00f1alver mirando con pena los comercios y se\u00f1al\u00e1ndolos diciendo: mira, aqu\u00ed hab\u00eda un cine; mira, all\u00ed hab\u00eda una jugueter\u00eda. \u201c\u00bfTe acuerdas de cuando estuvimos en ese bar?\u201d, le pregunto. Me dice que s\u00ed y la verdad es que es un milagro porque hace al menos quince a\u00f1os. El asombro por algunas de las cosas que vemos barre con la melancol\u00eda. Por ejemplo: hay colas para todo pero las m\u00e1s largas est\u00e1n en las tiendas de ropa. No me refiero a las a\u00f1ejas corseter\u00edas o las boutiques de ropa fea y cara propias de esta zona. No, ya sab\u00e9is a qu\u00e9 tiendas de ropa me refiero. Hay al menos quince personas haciendo una fila que avanza muy lentamente. \u201cPuede entrar una persona\u201d, dice una chica en la puerta, armada con un dispensador de gel y unas toallas de papel. El problema es que son dos amigas y quieren entrar juntas. No me detengo a esperar el desenlace y seguimos nuestro camino.<\/p>\n\n\n\n<p style=\"text-align:right\"><em><a href=\"https:\/\/www.eldiario.es\/nidos\/primeros-turistas-ciudad_0_1032397894.html\">Sigue leyendo en eldiario.es<\/a><\/em><\/p>\n","protected":false},"excerpt":{"rendered":"<p>Hacemos algo in\u00e9dito: caminamos en familia un par de kil\u00f3metros para visitar una tienda de c\u00f3mics sin coger el transporte p\u00fablico<\/p>\n","protected":false},"author":1,"featured_media":0,"comment_status":"closed","ping_status":"closed","sticky":false,"template":"","format":"standard","meta":{"footnotes":""},"categories":[],"tags":[],"class_list":["post-2002003399","post","type-post","status-publish","format-standard","hentry"],"_links":{"self":[{"href":"http:\/\/www.elenacabrera.com\/weblog3\/wp-json\/wp\/v2\/posts\/2002003399","targetHints":{"allow":["GET"]}}],"collection":[{"href":"http:\/\/www.elenacabrera.com\/weblog3\/wp-json\/wp\/v2\/posts"}],"about":[{"href":"http:\/\/www.elenacabrera.com\/weblog3\/wp-json\/wp\/v2\/types\/post"}],"author":[{"embeddable":true,"href":"http:\/\/www.elenacabrera.com\/weblog3\/wp-json\/wp\/v2\/users\/1"}],"replies":[{"embeddable":true,"href":"http:\/\/www.elenacabrera.com\/weblog3\/wp-json\/wp\/v2\/comments?post=2002003399"}],"version-history":[{"count":1,"href":"http:\/\/www.elenacabrera.com\/weblog3\/wp-json\/wp\/v2\/posts\/2002003399\/revisions"}],"predecessor-version":[{"id":2002003400,"href":"http:\/\/www.elenacabrera.com\/weblog3\/wp-json\/wp\/v2\/posts\/2002003399\/revisions\/2002003400"}],"wp:attachment":[{"href":"http:\/\/www.elenacabrera.com\/weblog3\/wp-json\/wp\/v2\/media?parent=2002003399"}],"wp:term":[{"taxonomy":"category","embeddable":true,"href":"http:\/\/www.elenacabrera.com\/weblog3\/wp-json\/wp\/v2\/categories?post=2002003399"},{"taxonomy":"post_tag","embeddable":true,"href":"http:\/\/www.elenacabrera.com\/weblog3\/wp-json\/wp\/v2\/tags?post=2002003399"}],"curies":[{"name":"wp","href":"https:\/\/api.w.org\/{rel}","templated":true}]}}