{"id":2002003411,"date":"2020-06-09T15:18:37","date_gmt":"2020-06-09T13:18:37","guid":{"rendered":"http:\/\/www.elenacabrera.com\/weblog\/?p=2002003411"},"modified":"2020-06-23T15:19:52","modified_gmt":"2020-06-23T13:19:52","slug":"diario-del-coronavirus-73-todas-las-fiestas-del-manana","status":"publish","type":"post","link":"http:\/\/www.elenacabrera.com\/weblog3\/2020\/06\/09\/diario-del-coronavirus-73-todas-las-fiestas-del-manana\/","title":{"rendered":"Diario del coronavirus (73): Todas las fiestas del ma\u00f1ana"},"content":{"rendered":"\n<p>En la clase de mi hija Eleonor, que este a\u00f1o ha cursado un atropellado tercero de Primaria, existe la costumbre desde el primer curso de Infantil de celebrar los cumplea\u00f1os en grupo, repartidos por trimestre. A medida que han ido creciendo, los grupos iban perdiendo densidad, pues se establec\u00edan diferentes alianzas o, lo cual he vivido con mucha frustraci\u00f3n, los ni\u00f1os quer\u00edan celebrar cumplea\u00f1os solo de ni\u00f1os, y las ni\u00f1as solo de ni\u00f1as. A pesar de ello, el grupo de compa\u00f1eros y compa\u00f1eras del tercer trimestre, con los que Eleonor viene celebrando conjuntamente el cumplea\u00f1os, desde que ten\u00eda 5 a\u00f1os, se ha mantenido bastante unido, convocando una fiesta siempre memorable en el Parque de Berl\u00edn, con juegos, merendola casera y un Darth Vader persiguiendo a un porr\u00f3n de ni\u00f1os con una pistola de agua. La guerra la ganaban siempre los cadetes de la Alianza Rebelde.<\/p>\n\n\n\n<p>El coronavirus se ha llevado por delante esta celebraci\u00f3n y me da miedo pensar que, por su fragilidad, sea una de estas cosas que cuesta retomar cuando pierdes la inercia. Lo cierto es que hab\u00eda tantas cosas de las que preocuparse que no nos hab\u00edamos dado cuenta de que este curso no tendr\u00edamos la gran fiesta de cumplea\u00f1os conjuntos de la primavera. Los ni\u00f1os y las ni\u00f1as han ido cumpliendo los 9 a\u00f1os en la soledad de sus confinamientos familiares, en un mundo de retorno al nido, en el que los amigos han estado bastante ausentes. S\u00e9, porque los conozco, que hay ni\u00f1os y ni\u00f1as de esta edad que todav\u00eda no han tenido la oportunidad de ver a nadie de su edad salvo por videollamada. A m\u00ed me gustar\u00eda decirles que puede haber un t\u00e9rmino medio entre lo que Eleonor llama \u201cfiesta del coronavirus\u201d (el despiporre) y la vida entre algodones, pero hay ciertas decisiones familiares en las que no te puedes meter.<\/p>\n\n\n\n<p>Este s\u00e1bado, una de las amigas de Eleonor, habitual compa\u00f1era de festejos, ha celebrado su cumplea\u00f1os en el mismo parque, con una lista de invitados necesariamente restringida. Ha sido una fiesta reducida a la m\u00ednima expresi\u00f3n: la merienda fue sustituida por la compra de unos helados para llevar en un lugar cercano y la gran guerra de agua contra el villano de la galaxia, por el lanzamiento de globos de agua a larga distancia. A pesar de los chorrazos de agua, las mascarillas aguantaron bastante bien en las caras de los peque\u00f1os. Los mayores, en cambio, la descolgaban de una oreja o la pon\u00edan en modo papada para darle unos tragos furtivos a unas cervezas clandestinas. En un momento dado, apareci\u00f3 un coche de polic\u00eda. Los agentes se quedaron mir\u00e1ndonos, claramente haciendo recuento (yo volv\u00ed a hacer lo mismo: \u00e9ramos siete) y con maestr\u00eda las latas de cerveza desaparecieron de la vista y no hubo mascarilla que no tapara por completo las v\u00edas respiratorias. Somos madrile\u00f1os y madrile\u00f1as curtidas en el arte del botell\u00f3n y sabemos c\u00f3mo adaptarlo a las circunstancias, por muy extraordinarias que sean. He de decir que, en verdad, la idea de los padres anfitriones no era esta. El plan inclu\u00eda tomarnos esa cerveza en una terraza que visitamos con cierta frecuencia, no lejos del parque. Est\u00e1 situada en una plaza y nuestros hijos e hijas corretean por ella con alegr\u00eda. Ya hab\u00edamos hecho eso en otro momento de la fase uno. Pero estaba mal hecho, como otras muchas cosas que hemos realizado sin pensarlas demasiado en estos tiempos de desescalada. Los due\u00f1os del bar tambi\u00e9n recibieron una visita de la polic\u00eda y no fue agradable. Quedaron advertidos de que los ni\u00f1os no pod\u00edan andar \u201csueltos\u201d y que pertenec\u00edan a la unidad de consumo a la que estuvieran adscritos. Es decir, que siete adultos y cinco ni\u00f1os que no se sentaban a la mesa, formaban en realidad un grupo de doce, algo fuera de los m\u00e1rgenes de la fase uno. La madre de la amiga de Eleonor insisti\u00f3 en que los ni\u00f1os no iba a tomar cerveza. El due\u00f1o insisti\u00f3 en que lo que ellos bebieran o no le daba igual, pero que ten\u00edan que quedarse sentados en la misma mesa, escuchando las tediosas conversaciones de los padres y las madres. Nada de andar \u201csueltos\u201d. Es m\u00e1s, para que no sucediera lo inevitable, que los chavalitos a la m\u00ednima distracci\u00f3n se escaparan de sus asientos, el bar hab\u00eda instalado unas mamparas para separar el estar en la plaza del estar en la terraza. \u201cAh, pues as\u00ed no\u201d, dijo o me dec\u00eda a m\u00ed que pens\u00f3 la madre de la cumplea\u00f1era.<\/p>\n\n\n\n<p style=\"text-align:right\"><em><a href=\"https:\/\/www.eldiario.es\/nidos\/Todas-fiestas-manana_0_1035546861.html\">Sigue leyendo en eldiario.es<\/a><\/em><\/p>\n","protected":false},"excerpt":{"rendered":"<p>En la clase de mi hija Eleonor, que este a\u00f1o ha cursado un atropellado tercero de Primaria, existe la costumbre desde el primer curso de Infantil de celebrar los cumplea\u00f1os en grupo, repartidos por trimestre. A medida que han ido creciendo, los grupos iban perdiendo densidad, pues se establec\u00edan diferentes alianzas o, lo cual he [&hellip;]<\/p>\n","protected":false},"author":1,"featured_media":0,"comment_status":"closed","ping_status":"closed","sticky":false,"template":"","format":"standard","meta":{"footnotes":""},"categories":[],"tags":[],"class_list":["post-2002003411","post","type-post","status-publish","format-standard","hentry"],"_links":{"self":[{"href":"http:\/\/www.elenacabrera.com\/weblog3\/wp-json\/wp\/v2\/posts\/2002003411","targetHints":{"allow":["GET"]}}],"collection":[{"href":"http:\/\/www.elenacabrera.com\/weblog3\/wp-json\/wp\/v2\/posts"}],"about":[{"href":"http:\/\/www.elenacabrera.com\/weblog3\/wp-json\/wp\/v2\/types\/post"}],"author":[{"embeddable":true,"href":"http:\/\/www.elenacabrera.com\/weblog3\/wp-json\/wp\/v2\/users\/1"}],"replies":[{"embeddable":true,"href":"http:\/\/www.elenacabrera.com\/weblog3\/wp-json\/wp\/v2\/comments?post=2002003411"}],"version-history":[{"count":1,"href":"http:\/\/www.elenacabrera.com\/weblog3\/wp-json\/wp\/v2\/posts\/2002003411\/revisions"}],"predecessor-version":[{"id":2002003412,"href":"http:\/\/www.elenacabrera.com\/weblog3\/wp-json\/wp\/v2\/posts\/2002003411\/revisions\/2002003412"}],"wp:attachment":[{"href":"http:\/\/www.elenacabrera.com\/weblog3\/wp-json\/wp\/v2\/media?parent=2002003411"}],"wp:term":[{"taxonomy":"category","embeddable":true,"href":"http:\/\/www.elenacabrera.com\/weblog3\/wp-json\/wp\/v2\/categories?post=2002003411"},{"taxonomy":"post_tag","embeddable":true,"href":"http:\/\/www.elenacabrera.com\/weblog3\/wp-json\/wp\/v2\/tags?post=2002003411"}],"curies":[{"name":"wp","href":"https:\/\/api.w.org\/{rel}","templated":true}]}}