{"id":2002003413,"date":"2020-06-12T15:20:01","date_gmt":"2020-06-12T13:20:01","guid":{"rendered":"http:\/\/www.elenacabrera.com\/weblog\/?p=2002003413"},"modified":"2020-06-23T15:20:58","modified_gmt":"2020-06-23T13:20:58","slug":"diario-del-coronavirus-74-un-hospital-para-cada-historia","status":"publish","type":"post","link":"http:\/\/www.elenacabrera.com\/weblog3\/2020\/06\/12\/diario-del-coronavirus-74-un-hospital-para-cada-historia\/","title":{"rendered":"Diario del coronavirus (74): Un hospital para cada historia"},"content":{"rendered":"\n<p>La Comunidad de Madrid nos ha regalado a todos una segunda mascarilla. La diferencia con la anterior es que esta <a href=\"https:\/\/www.eldiario.es\/sociedad\/estudio-certifica-mascarillas-Madrid-pequenas_0_1029248288.html\">es de mejor calidad<\/a> que la primera que recibimos y algo m\u00e1s llamativo: no viene envuelta en un sobre rojo con la bandera de la comunidad aut\u00f3noma acompa\u00f1ada de un <em>hashtag.<\/em> Seguro que no es la intenci\u00f3n de los gobernantes pero dar\u00eda la impresi\u00f3n de que hay una relaci\u00f3n inversamente proporcional entre el marketing y la seguridad. No quiero ser mala, solo digo que podr\u00eda dar esa impresi\u00f3n. Pensaba retirarla y donarla, como hice con la anterior, pero en esta ocasi\u00f3n la necesitaba para ir al hospital con mayor tranquilidad. Como ya somos todos y todas expertas todos en este tema, puedo aclarar que se trata de la KN95, que son FFP2 o, como las denomina Eleonor: mascarillas de pato. Cuando la abr\u00ed, Eleonor sufri\u00f3 un ataque de risa porque solo hab\u00eda visto mascarillas de pato en las caras de otras personas, nunca en la m\u00eda. \u201c\u00a1Te han dado la de pato!\u201d, dec\u00eda se\u00f1al\u00e1ndome, sin poder para de re\u00edr. Y a\u00f1adi\u00f3: \u201c\u00a1Ayuso te ha dado de pato!\u201d. Aunque intent\u00e9 aclararle que estas filtran mejor que las higi\u00e9nicas o las quir\u00fargicas, ella no escuchaba, solo dec\u00eda: \u201c\u00a1\u00a1de pato!!\u201d.<\/p>\n\n\n\n<p>Como tantas otras cosas, toda mi explicaci\u00f3n sobre el tema de las mascarillas se fue al garete cuando lleg\u00f3 el miedo. Le hab\u00eda dicho a Eleonor que nos basta con nuestras mascarillas de tela porque no tratamos con enfermos de coronavirus y estamos sanas, al menos en apariencia. Pero, cuando me dieron cita para ir a hacer una prueba m\u00e9dica que requer\u00eda sedaci\u00f3n y pasar un par de horas en el hospital, pens\u00e9 que podr\u00eda ser m\u00e1s oportuno llevar la del pato. Antes de hacerme la prueba me hicieron varias preguntas sobre la COVID-19: si me hab\u00edan hecho una PCR (me hubiera encantado decir que s\u00ed para hablarle del colodrillo, pero la verdad es que no), si hab\u00eda tenido s\u00edntomas (tampoco) o si hab\u00eda estado en contacto con alg\u00fan enfermo (no). Satisfecha con mis respuestas, la enfermera me tom\u00f3 la temperatura y, habiendo pasado el examen con \u00e9xito, me puse la bata, las calzas y el gorillo y me alegr\u00e9 de que no hubiera ning\u00fan espejo cerca.<\/p>\n\n\n\n<p>Yo estaba muy nerviosa y la delicadeza y el buen humor con el que me trataron los sanitarios del hospital de La Princesa fue tan maravilloso que pens\u00e9 que no les estaba aplaudiendo lo suficiente. El enfermero que me coloc\u00f3 la v\u00eda por la que estaba a punto de entrar el sedante, me pregunt\u00f3: \u201c\u00bftraes pensado algo bonito para so\u00f1ar?\u201d.<\/p>\n\n\n\n<p style=\"text-align:right\"><em><a href=\"https:\/\/www.eldiario.es\/nidos\/hospital-historia_0_1036597401.html\">Sigue leyendo en eldiario.es<\/a><\/em><\/p>\n","protected":false},"excerpt":{"rendered":"<p>La Comunidad de Madrid nos ha regalado a todos una segunda mascarilla. La diferencia con la anterior es que esta es de mejor calidad que la primera que recibimos y algo m\u00e1s llamativo: no viene envuelta en un sobre rojo con la bandera de la comunidad aut\u00f3noma acompa\u00f1ada de un hashtag. Seguro que no es [&hellip;]<\/p>\n","protected":false},"author":1,"featured_media":0,"comment_status":"closed","ping_status":"closed","sticky":false,"template":"","format":"standard","meta":{"footnotes":""},"categories":[],"tags":[],"class_list":["post-2002003413","post","type-post","status-publish","format-standard","hentry"],"_links":{"self":[{"href":"http:\/\/www.elenacabrera.com\/weblog3\/wp-json\/wp\/v2\/posts\/2002003413","targetHints":{"allow":["GET"]}}],"collection":[{"href":"http:\/\/www.elenacabrera.com\/weblog3\/wp-json\/wp\/v2\/posts"}],"about":[{"href":"http:\/\/www.elenacabrera.com\/weblog3\/wp-json\/wp\/v2\/types\/post"}],"author":[{"embeddable":true,"href":"http:\/\/www.elenacabrera.com\/weblog3\/wp-json\/wp\/v2\/users\/1"}],"replies":[{"embeddable":true,"href":"http:\/\/www.elenacabrera.com\/weblog3\/wp-json\/wp\/v2\/comments?post=2002003413"}],"version-history":[{"count":1,"href":"http:\/\/www.elenacabrera.com\/weblog3\/wp-json\/wp\/v2\/posts\/2002003413\/revisions"}],"predecessor-version":[{"id":2002003414,"href":"http:\/\/www.elenacabrera.com\/weblog3\/wp-json\/wp\/v2\/posts\/2002003413\/revisions\/2002003414"}],"wp:attachment":[{"href":"http:\/\/www.elenacabrera.com\/weblog3\/wp-json\/wp\/v2\/media?parent=2002003413"}],"wp:term":[{"taxonomy":"category","embeddable":true,"href":"http:\/\/www.elenacabrera.com\/weblog3\/wp-json\/wp\/v2\/categories?post=2002003413"},{"taxonomy":"post_tag","embeddable":true,"href":"http:\/\/www.elenacabrera.com\/weblog3\/wp-json\/wp\/v2\/tags?post=2002003413"}],"curies":[{"name":"wp","href":"https:\/\/api.w.org\/{rel}","templated":true}]}}