{"id":2002003415,"date":"2020-06-14T15:21:05","date_gmt":"2020-06-14T13:21:05","guid":{"rendered":"http:\/\/www.elenacabrera.com\/weblog\/?p=2002003415"},"modified":"2020-06-23T15:22:21","modified_gmt":"2020-06-23T13:22:21","slug":"diario-del-coronavirus-75-visita-nostalgica-al-colegio","status":"publish","type":"post","link":"http:\/\/www.elenacabrera.com\/weblog3\/2020\/06\/14\/diario-del-coronavirus-75-visita-nostalgica-al-colegio\/","title":{"rendered":"Diario del coronavirus (75): Visita nost\u00e1lgica al colegio"},"content":{"rendered":"\n<p>Este rar\u00edsimo curso escolar, basado en la improvisaci\u00f3n y la experimentaci\u00f3n, est\u00e1 llegando a su fin. A nadie se le hab\u00eda ocurrido pensar c\u00f3mo ser\u00eda la educaci\u00f3n si unas circunstancias excepcionales nos mantuvieran encerrados en casa, como si algo as\u00ed no pudiera sucedernos jam\u00e1s. Ahora que los m\u00e1rgenes de las probabilidades se nos han expandido, incorporamos todo tipo de tramas a nuestro futuro y no lo vemos tan imposible: atm\u00f3sferas contaminadas que desaconsejan que la infancia y los vulnerables salgan de casa, escapes qu\u00edmicos en la industria, o bien inundaciones, deshielos, nevadas o incendios que a\u00edslan a una comunidad. Ahora tenemos dos cosas claras: que la educaci\u00f3n tiene que seguir sucediendo y que no sabemos c\u00f3mo hacerlo.<\/p>\n\n\n\n<p>En una agrupaci\u00f3n de asociaciones de madres y padres de ocho colegios del distrito (m\u00e1s de 2.000 familias en total) en el que vivo, ha habido una puesta en com\u00fan sobre c\u00f3mo se han adaptado los centros p\u00fablicos a la educaci\u00f3n a distancia. De la evaluaci\u00f3n se extrae que hay disparidad en los colegios porque no ha habido criterios comunes de la Consejer\u00eda de Educaci\u00f3n de la Comunidad de Madrid. Como siempre, eso fomenta la desigualdad, porque mientras en el colegio al que va mi hija Eleonor se ha hecho un gran esfuerzo por iniciativa del profesorado, los ni\u00f1os y ni\u00f1as de otros del mismo barrio no han tenido esa suerte y se han encontrado carentes de apoyo y faltos de comunicaci\u00f3n. Lo que ha ocurrido ha evidenciado que no hay coordinaci\u00f3n (\u00a1s\u00e1lvase quien pueda!), que la escuela p\u00fablica no est\u00e1 dise\u00f1ada para trabajar a distancia (la evaluaci\u00f3n y las tareas han fracasado como eje del aprendizaje, en la soledad de los cuartos de los ni\u00f1os y las ni\u00f1as) y que las tecnolog\u00edas online (tanto educativas como de comunicaci\u00f3n entre el centro y las familias) son desconocidas, funcionan mal o no cumplen los objetivos necesarios. Esto es lo que sucede en Madrid, ojal\u00e1 en otros lugares os haya ido mejor.&nbsp;<\/p>\n\n\n\n<p>Las profesoras de mi hija en tercero de Primaria se han inventado de todo para atrapar su atenci\u00f3n y canalizar su aprendizaje, casi siempre utilizando el juego como mediador. Otra cosa es que Eleonor haya tenido la disposici\u00f3n, las ganas, la cabeza o la mejor de las actitudes. Pero en fin, \u00a1est\u00e1bamos en una pandemia global, asolados por el miedo y la muerte, no s\u00e9 si le puedo exigir mucho m\u00e1s!\u00a0<\/p>\n\n\n\n<p style=\"text-align:right\"><em><a href=\"https:\/\/www.eldiario.es\/nidos\/Visita-nostalgica-colegio_0_1037297283.html\">Sigue leyendo en eldiario.es<\/a><\/em><\/p>\n","protected":false},"excerpt":{"rendered":"<p>Los profesores ya han evaluado a Eleonor: est\u00e1 m\u00e1s alta. Una madre ha ido m\u00e1s all\u00e1 y se ha atrevido a decirle que hasta estaba m\u00e1s delgada. Eso s\u00ed que no. \u201cCreo que el presidente quiere que engordemos\u201d, dice mi hija.<\/p>\n","protected":false},"author":1,"featured_media":0,"comment_status":"closed","ping_status":"closed","sticky":false,"template":"","format":"standard","meta":{"footnotes":""},"categories":[],"tags":[],"class_list":["post-2002003415","post","type-post","status-publish","format-standard","hentry"],"_links":{"self":[{"href":"http:\/\/www.elenacabrera.com\/weblog3\/wp-json\/wp\/v2\/posts\/2002003415","targetHints":{"allow":["GET"]}}],"collection":[{"href":"http:\/\/www.elenacabrera.com\/weblog3\/wp-json\/wp\/v2\/posts"}],"about":[{"href":"http:\/\/www.elenacabrera.com\/weblog3\/wp-json\/wp\/v2\/types\/post"}],"author":[{"embeddable":true,"href":"http:\/\/www.elenacabrera.com\/weblog3\/wp-json\/wp\/v2\/users\/1"}],"replies":[{"embeddable":true,"href":"http:\/\/www.elenacabrera.com\/weblog3\/wp-json\/wp\/v2\/comments?post=2002003415"}],"version-history":[{"count":1,"href":"http:\/\/www.elenacabrera.com\/weblog3\/wp-json\/wp\/v2\/posts\/2002003415\/revisions"}],"predecessor-version":[{"id":2002003416,"href":"http:\/\/www.elenacabrera.com\/weblog3\/wp-json\/wp\/v2\/posts\/2002003415\/revisions\/2002003416"}],"wp:attachment":[{"href":"http:\/\/www.elenacabrera.com\/weblog3\/wp-json\/wp\/v2\/media?parent=2002003415"}],"wp:term":[{"taxonomy":"category","embeddable":true,"href":"http:\/\/www.elenacabrera.com\/weblog3\/wp-json\/wp\/v2\/categories?post=2002003415"},{"taxonomy":"post_tag","embeddable":true,"href":"http:\/\/www.elenacabrera.com\/weblog3\/wp-json\/wp\/v2\/tags?post=2002003415"}],"curies":[{"name":"wp","href":"https:\/\/api.w.org\/{rel}","templated":true}]}}