{"id":2002003417,"date":"2020-06-15T16:24:57","date_gmt":"2020-06-15T14:24:57","guid":{"rendered":"http:\/\/www.elenacabrera.com\/weblog\/?p=2002003417"},"modified":"2020-06-23T16:45:22","modified_gmt":"2020-06-23T14:45:22","slug":"diario-del-coronavirus-76-invitados-en-casa-en-la-segunda-fase","status":"publish","type":"post","link":"http:\/\/www.elenacabrera.com\/weblog3\/2020\/06\/15\/diario-del-coronavirus-76-invitados-en-casa-en-la-segunda-fase\/","title":{"rendered":"Diario del coronavirus (76): Invitados en casa en la segunda fase"},"content":{"rendered":"\n<p>Tengo una teor\u00eda sobre la percepci\u00f3n del contagio. Pienso que creemos que los desconocidos infectan m\u00e1s f\u00e1cilmente que los conocidos. Es extra\u00f1o porque, en un principio, los desconocidos guardan m\u00e1s la distancia personal, por el sencillo hecho de que es de mala educaci\u00f3n acercarse mucho. En cambio, la intimidad que tenemos con los familiares y amigos hace que confiemos en que vienen limpios de virus y, por tanto, no haya nada que temer. Por eso no me extra\u00f1a nada que la gente se est\u00e9 contagiando mucho en las fiestas de cumplea\u00f1os (que se est\u00e1 comprobando que son bastante multitudinarias, en parte porque hay quien tiene muchos amigos y tambi\u00e9n porque se han acumulado varios festejos que se celebran de golpe, colectivamente) y muy poco en el transporte p\u00fablico. Vamos a montarnos en el metro y en el autob\u00fas casi con el EPI puesto, cargados de miedo. Hacemos todo lo posible por evitar \u201cmeterse ah\u00ed\u201d pero, en cambio, nos quitamos la mascarilla en las casas de la familia. Nos acompa\u00f1a esa idea irracional de que el miedo est\u00e1 fuera y no dentro. Que el miedo es el otro, el extra\u00f1o.<\/p>\n\n\n\n<p>Cada d\u00eda se detectan en torno a un centenar y medio de personas que se han metido el coronavirus para el cuerpo y, de ellos, la mitad suelen estar en Madrid, que sigue siendo la comunidad aut\u00f3noma m\u00e1s afectada, pero si no te quitas la mascarilla en una cena familiar, eres un paranoico; aunque si vas a trabajar a una oficina con tres personas, te juegas la vida. Se ve que con la fase 2 ven\u00edan de regalo los juicios a pie de calle y los expertos en virolog\u00eda sin fronteras. A los que se nos dan mal las interacciones sociales nos vino bien el aislamiento: al fin no hab\u00eda que inventar ninguna excusa para no acudir a eventos con mucha gente, para no besar, para quedarse en casa. Nunca me ha gustado saludar con dos besos a los desconocidos pero lo hago para no generar tensi\u00f3n. Cuando, en contextos formales, tiendo la mano, suelo generar una primera impresi\u00f3n de borde. Me gustar\u00eda que una de las caracter\u00edsticas de la nueva normalidad sea saludar como quiera sin ser juzgada por ello.Desde que entramos en fase 2 hemos tenido una comida en casa y una cena en otra. En nuestro sal\u00f3n, me sent\u00ed extra\u00f1a acomodando la mesa para siete. Incluso saqu\u00e9 un mantel de tela y retir\u00e9 el socorrido pl\u00e1stico \u2014pero de elegante estampado <em>toile de jouy<\/em> que tantas veces se ha visto en las fotograf\u00edas que acompa\u00f1an este diario\u2014 para celebrarlo. Ven\u00edan los t\u00edos y el primo de Eleonor nada menos que desde Parla, que es uno de los sitios m\u00e1s lejos de los que puedes venir en fase 2. Era todo un acontecimiento. Los primos, acostumbrados a jugar cada d\u00eda online a su videojuego favorito, habl\u00e1ndose por un micro mientras construyen cosas, hicieron exactamente lo mismo pero en persona. Su primo se puso contento, no solo por la moment\u00e1nea desvirtualizaci\u00f3n, sino porque Eleonor llevaba varios d\u00edas castigada sin jugar debido a una creciente desidia por las tareas escolares. Quitarle las pantallas ha funcionado, sino para que recobrara el inter\u00e9s por el estudio, al menos para dirigir su imaginaci\u00f3n hacia otros lugares que siempre quedan relegados cuando hay YouTube y consola. Como poco, lee m\u00e1s, lo cual ya es un avance.<\/p>\n\n\n\n<p style=\"text-align:right\"><em><a href=\"https:\/\/www.eldiario.es\/nidos\/Invitados-casa-segunda-fase_0_1037646592.html\">Sigue leyendo en eldiario.es<\/a><\/em><\/p>\n","protected":false},"excerpt":{"rendered":"<p>No voy a ocultar que, si bien no he sufrido ansiedad durante el confinamiento, s\u00ed la estoy teniendo en la desescalada: me gustar\u00eda que todo fuera m\u00e1s lento<\/p>\n","protected":false},"author":1,"featured_media":2002003439,"comment_status":"closed","ping_status":"closed","sticky":false,"template":"","format":"standard","meta":{"footnotes":""},"categories":[],"tags":[],"class_list":["post-2002003417","post","type-post","status-publish","format-standard","has-post-thumbnail","hentry"],"_links":{"self":[{"href":"http:\/\/www.elenacabrera.com\/weblog3\/wp-json\/wp\/v2\/posts\/2002003417","targetHints":{"allow":["GET"]}}],"collection":[{"href":"http:\/\/www.elenacabrera.com\/weblog3\/wp-json\/wp\/v2\/posts"}],"about":[{"href":"http:\/\/www.elenacabrera.com\/weblog3\/wp-json\/wp\/v2\/types\/post"}],"author":[{"embeddable":true,"href":"http:\/\/www.elenacabrera.com\/weblog3\/wp-json\/wp\/v2\/users\/1"}],"replies":[{"embeddable":true,"href":"http:\/\/www.elenacabrera.com\/weblog3\/wp-json\/wp\/v2\/comments?post=2002003417"}],"version-history":[{"count":1,"href":"http:\/\/www.elenacabrera.com\/weblog3\/wp-json\/wp\/v2\/posts\/2002003417\/revisions"}],"predecessor-version":[{"id":2002003418,"href":"http:\/\/www.elenacabrera.com\/weblog3\/wp-json\/wp\/v2\/posts\/2002003417\/revisions\/2002003418"}],"wp:featuredmedia":[{"embeddable":true,"href":"http:\/\/www.elenacabrera.com\/weblog3\/wp-json\/wp\/v2\/media\/2002003439"}],"wp:attachment":[{"href":"http:\/\/www.elenacabrera.com\/weblog3\/wp-json\/wp\/v2\/media?parent=2002003417"}],"wp:term":[{"taxonomy":"category","embeddable":true,"href":"http:\/\/www.elenacabrera.com\/weblog3\/wp-json\/wp\/v2\/categories?post=2002003417"},{"taxonomy":"post_tag","embeddable":true,"href":"http:\/\/www.elenacabrera.com\/weblog3\/wp-json\/wp\/v2\/tags?post=2002003417"}],"curies":[{"name":"wp","href":"https:\/\/api.w.org\/{rel}","templated":true}]}}