{"id":2002003419,"date":"2020-06-16T16:27:47","date_gmt":"2020-06-16T14:27:47","guid":{"rendered":"http:\/\/www.elenacabrera.com\/weblog\/?p=2002003419"},"modified":"2020-06-23T16:44:43","modified_gmt":"2020-06-23T14:44:43","slug":"diario-del-coronavirus-77-peliculas-que-nos-montamos","status":"publish","type":"post","link":"http:\/\/www.elenacabrera.com\/weblog3\/2020\/06\/16\/diario-del-coronavirus-77-peliculas-que-nos-montamos\/","title":{"rendered":"Diario del coronavirus (77): Pel\u00edculas que nos montamos"},"content":{"rendered":"\n<p>Cada nueva haza\u00f1a en la desescalada, Eleonor y yo la vivimos como una aventura. \u201c\u00a1Y ahora, vamos a coger el metro!\u201d, le digo, como si acabara de proponerle un viaje en globo, la vuelta al mundo en 80 d\u00edas o bajar hasta el centro de la Tierra. Mi hija me mira con incredulidad y valora sus opciones. Me contesta: \u201cGoya no est\u00e1 tan lejos, no me importa ir andando\u201d. La miro at\u00f3nita. Le ha dado canguelo. Nunca la hab\u00eda visto tan dispuesta a caminar dos kil\u00f3metros. Venga, le digo, llevamos mascarillas, intentaremos no tocar nada, he tra\u00eddo gel y son solo tres estaciones. Estoy intentando convencerla porque la llevo a unos grandes almacenes para comprarle un regalo de cumplea\u00f1os y me temo que, si se cansa por el camino, el <em>Amanecer de los muertos<\/em> de Zack Snyder va a ser una comedia ligera al lado de nuestra experiencia.<\/p>\n\n\n\n<p>Era la primera vez que baj\u00e1bamos al subterr\u00e1neo y mir\u00e1bamos a nuestro alrededor con asombro y aprensi\u00f3n. Not\u00e9 que hab\u00edan eliminado objetos y obst\u00e1culos, que las escaleras y el vest\u00edbulo se ve\u00edan m\u00e1s limpias y despejadas. Contribu\u00eda a ello la ausencia de gente, de eso Eleonor se dio cuenta enseguida y no paraba de se\u00f1alar a la nada: \u201cmira, mam\u00e1, no hay NADIE\u201d. Nos llam\u00f3 la atenci\u00f3n, como siempre en esta pandemia, la comunicaci\u00f3n de la emergencia: los carteles con medidas de seguridad, las indicaciones en el suelo para marcar la distancia de seguridad, los carteles recordando la obligatoriedad de las mascarillas y los mensajes por megafon\u00eda. Cuando llegamos al and\u00e9n, acab\u00e1bamos de perder un tren y hubo que esperar m\u00e1s de diez minutos por el siguiente. El Metro de Madrid anterior al coronavirus no se caracterizaba por su gran frecuencia. Era l\u00f3gico que ahora, con los viajeros a medio gas, tampoco. Al menos y a diferencia de un s\u00e1bado primaveral sin pandemia, hab\u00eda tan poca gente que se pod\u00eda pillar asiento. Pasamos los diez minutos observando a la gente con descaro. Ya me hab\u00eda dado cuenta, paseando por la calle, que vamos con la mascarilla como si nos tapara la cara entera, en lugar de solo media. A veces dan ganas de decirle al otro: oiga, deje usted de mirarme, si no fuera porque yo tambi\u00e9n lo estoy haciendo, fijamente. Frente a nosotras, en el and\u00e9n contrario, dos amigas se sientan juntas en un banco. Eleonor, peque\u00f1a gestapillo, emite un informe: \u201cmira, mam\u00e1, esa lleva la mascarilla en el cuello y la otra colgando de la oreja\u201d. Pues s\u00ed, le contesto, baj\u00e1ndole con discreci\u00f3n el dedo que hab\u00eda levantado. \u201c\u00bfSe puede hacer eso?\u201d, me pregunt\u00f3. No recuerdo qu\u00e9 le contest\u00e9, espero que algo cabal, porque estaba m\u00e1s atenta a una penosa escena de ligoteo que suced\u00eda en torno a las chicas y que estaba pasando bajo el radar de Eleonor. Un chico se hab\u00eda acercado a su banco y les dec\u00eda \u201cqu\u00e9 pena que no nos podamos sentar tres\u201d. Eleonor segu\u00eda dici\u00e9ndome cosas pero a m\u00ed se me fue la cabeza pensando en que el coronavirus era como el tiempo o como cualquier otra cosa: una buena excusa para entablar conversaci\u00f3n. Las chicas ni le miraron, sin levantar la cabeza del m\u00f3vil que sosten\u00edan entre ambas, ri\u00e9ndose no se sabe de qu\u00e9. El chaval, humillado, se fue a sentar al siguiente banco.<\/p>\n\n\n\n<p>Eleonor hab\u00eda pedido un puf para su noveno cumplea\u00f1os y sacrifiqu\u00e9 la sorpresa del regalo por la posibilidad de que ella misma lo eligiera, lo cual le hizo sentir muy mayor. Nos pateamos arriba y abajo el edificio de estos grandes almacenes, al igual que mi madre lo hac\u00eda conmigo cuando yo ten\u00eda su edad. Recuerdo los atascos en la secci\u00f3n de perfumer\u00eda y el mareo que sent\u00eda con la mezcla de olores. Recuerdo el amontonamiento en las escaleras mec\u00e1nicas y como siempre alguien te daba con el pico de una bolsa voluminosa. Recuerdo, tambi\u00e9n, que a menudo me perd\u00eda y acababa d\u00e1ndole la mano a la se\u00f1ora que no era. Todas esas cosas no le pod\u00edan suceder este s\u00e1bado a Eleonor porque hab\u00eda pegatinas para marcar la distancia en las escaleras y, a pesar de que hab\u00eda much\u00edsima gente \u2014m\u00e1s que en la guerra dir\u00eda mi madre, pero en esta ocasi\u00f3n yo dir\u00eda que m\u00e1s que en el metro\u2014 tambi\u00e9n se creaban grandes huecos entre los n\u00facleos familiares.<\/p>\n\n\n\n<p style=\"text-align:right\"><em><a href=\"https:\/\/www.eldiario.es\/nidos\/Peliculas-montamos_0_1037996684.html\">Sigue leyendo en eldiario.es<\/a><\/em><\/p>\n","protected":false},"excerpt":{"rendered":"<p>Vamos tachando de la lista de cosas que volver a hacer algunas cuantas de la vieja normalidad: el metro, los grandes almacenes, los partidos de f\u00fatbol<\/p>\n","protected":false},"author":1,"featured_media":2002003438,"comment_status":"closed","ping_status":"closed","sticky":false,"template":"","format":"standard","meta":{"footnotes":""},"categories":[],"tags":[],"class_list":["post-2002003419","post","type-post","status-publish","format-standard","has-post-thumbnail","hentry"],"_links":{"self":[{"href":"http:\/\/www.elenacabrera.com\/weblog3\/wp-json\/wp\/v2\/posts\/2002003419","targetHints":{"allow":["GET"]}}],"collection":[{"href":"http:\/\/www.elenacabrera.com\/weblog3\/wp-json\/wp\/v2\/posts"}],"about":[{"href":"http:\/\/www.elenacabrera.com\/weblog3\/wp-json\/wp\/v2\/types\/post"}],"author":[{"embeddable":true,"href":"http:\/\/www.elenacabrera.com\/weblog3\/wp-json\/wp\/v2\/users\/1"}],"replies":[{"embeddable":true,"href":"http:\/\/www.elenacabrera.com\/weblog3\/wp-json\/wp\/v2\/comments?post=2002003419"}],"version-history":[{"count":1,"href":"http:\/\/www.elenacabrera.com\/weblog3\/wp-json\/wp\/v2\/posts\/2002003419\/revisions"}],"predecessor-version":[{"id":2002003420,"href":"http:\/\/www.elenacabrera.com\/weblog3\/wp-json\/wp\/v2\/posts\/2002003419\/revisions\/2002003420"}],"wp:featuredmedia":[{"embeddable":true,"href":"http:\/\/www.elenacabrera.com\/weblog3\/wp-json\/wp\/v2\/media\/2002003438"}],"wp:attachment":[{"href":"http:\/\/www.elenacabrera.com\/weblog3\/wp-json\/wp\/v2\/media?parent=2002003419"}],"wp:term":[{"taxonomy":"category","embeddable":true,"href":"http:\/\/www.elenacabrera.com\/weblog3\/wp-json\/wp\/v2\/categories?post=2002003419"},{"taxonomy":"post_tag","embeddable":true,"href":"http:\/\/www.elenacabrera.com\/weblog3\/wp-json\/wp\/v2\/tags?post=2002003419"}],"curies":[{"name":"wp","href":"https:\/\/api.w.org\/{rel}","templated":true}]}}