{"id":2002003421,"date":"2020-06-18T16:29:00","date_gmt":"2020-06-18T14:29:00","guid":{"rendered":"http:\/\/www.elenacabrera.com\/weblog\/?p=2002003421"},"modified":"2020-06-23T16:43:41","modified_gmt":"2020-06-23T14:43:41","slug":"diario-del-coronavirus-78-rarisima-normalidad","status":"publish","type":"post","link":"http:\/\/www.elenacabrera.com\/weblog3\/2020\/06\/18\/diario-del-coronavirus-78-rarisima-normalidad\/","title":{"rendered":"Diario del coronavirus (78): Rar\u00edsima normalidad"},"content":{"rendered":"\n<p>Este martes 16 de junio, Eleonor cumple 9 a\u00f1os. Le he dicho \u201cbueno, este cumplea\u00f1os lo recordar\u00e1s para siempre, \u00bfno?\u201d y ella se ha encogido de hombros, en plan, \u201cpues como todos\u201d. Yo sigo a lo m\u00edo: \u201cel cumplea\u00f1os del a\u00f1o del coronavirus, \u00a1vaya a\u00f1o raro, eh!\u201d. Y ella: \u201cs\u00ed, s\u00ed, rar\u00edsimo\u201d. Lo dice para que deje de darle la brasa y volvamos a hablar de lo que realmente le interesa: qu\u00e9 vamos a hacer de merendar, a qu\u00e9 hora van a venir los invitados, qu\u00e9 le van a regalar. Tambi\u00e9n quiere saber <a href=\"https:\/\/www.eldiario.es\/zonacritica\/pensamiento-critico-parto_6_27007304.html\">c\u00f3mo fue el parto<\/a>, qu\u00e9 est\u00e1bamos haciendo unas horas antes de que ella naciera y qu\u00e9 dijo la familia cuando la vio por primera vez. El coronavirus, la cuarentena y el confinamiento le parecen mucho menos sorprendentes, tan asimilados en su vida, que el que yo pasara dos horas dando vueltas alrededor del hospital para dilatar, agarr\u00e1ndome a las farolas durante las contracciones.<\/p>\n\n\n\n<p>Ha tenido que recortar la lista de invitados para no juntarnos muchos en casa. Ella, que es m\u00e1s de macrofiestas que de petit comit\u00e9, ha sufrido un poco. En Madrid, estamos en fase 2, por lo que podr\u00edamos juntarnos hasta quince personas en casa, pero teniendo en cuenta que vivimos en un piso de 70 metros cuadrados y que los ni\u00f1os de 9 a\u00f1os parecen demonios de Tasmania de lo inquietos que son, pensamos que ser\u00eda mejor aplicar las restricciones de la fase uno y juntarnos solo diez. Veremos si conseguimos que no se quiten las mascarillas. Eleonor ya ha dicho \u201cpues a ver c\u00f3mo vas a conseguir eso con la merienda\u201d. Pues es verdad. A ver c\u00f3mo consigo que no las dejen todas amontonadas, como un mont\u00f3n de abrigos al llegar a casa, y c\u00f3mo hago para que no se confundan y al quit\u00e1rsela uno se ponga luego la del amigo. Por cierto, Eleonor ha pasado todo un d\u00eda haciendo <em>cupcakes<\/em> para los invitados y para las vecinas, y se ha asegurado de que hac\u00eda muchos para pasar \u201cmucho rato comiendo y poco con la mascarilla\u201d.<\/p>\n\n\n\n<p>El caso es que habr\u00e1 que celebrar el cumplea\u00f1os varias veces, primero con los amigos, luego con una rama de la familia y despu\u00e9s con la otra, ya que es imposible juntarnos todos. Esto a Eleonor, por supuesto, no le parece ning\u00fan problema si hay tres veces tarta. Lo que ella todav\u00eda no sabe (y espero que no lea este diario a escondidas) es que no est\u00e1 claro que el cumplea\u00f1os de la familia multitudinaria se vaya a celebrar, pues hay tantos en lista de espera que se han quedado sin fiesta, que no sabemos si irlos agendando poco a poco o alquilar una nave o un terrenito a las afueras y pasarnos all\u00ed varios d\u00edas.<\/p>\n\n\n\n<p style=\"text-align:right\"><a href=\"https:\/\/www.eldiario.es\/nidos\/Rarisima-normalidad_0_1038347254.html\"><em>Sigue leyendo en eldiario.es<\/em><\/a><\/p>\n","protected":false},"excerpt":{"rendered":"<p>Eleonor ha pasado el d\u00eda haciendo cupcakes para los invitados a su cumplea\u00f1os, con la estrategia de pasar \u201cmucho rato comiendo y poco con la mascarilla\u201d<\/p>\n","protected":false},"author":1,"featured_media":2002003437,"comment_status":"closed","ping_status":"closed","sticky":false,"template":"","format":"standard","meta":{"footnotes":""},"categories":[],"tags":[],"class_list":["post-2002003421","post","type-post","status-publish","format-standard","has-post-thumbnail","hentry"],"_links":{"self":[{"href":"http:\/\/www.elenacabrera.com\/weblog3\/wp-json\/wp\/v2\/posts\/2002003421","targetHints":{"allow":["GET"]}}],"collection":[{"href":"http:\/\/www.elenacabrera.com\/weblog3\/wp-json\/wp\/v2\/posts"}],"about":[{"href":"http:\/\/www.elenacabrera.com\/weblog3\/wp-json\/wp\/v2\/types\/post"}],"author":[{"embeddable":true,"href":"http:\/\/www.elenacabrera.com\/weblog3\/wp-json\/wp\/v2\/users\/1"}],"replies":[{"embeddable":true,"href":"http:\/\/www.elenacabrera.com\/weblog3\/wp-json\/wp\/v2\/comments?post=2002003421"}],"version-history":[{"count":1,"href":"http:\/\/www.elenacabrera.com\/weblog3\/wp-json\/wp\/v2\/posts\/2002003421\/revisions"}],"predecessor-version":[{"id":2002003422,"href":"http:\/\/www.elenacabrera.com\/weblog3\/wp-json\/wp\/v2\/posts\/2002003421\/revisions\/2002003422"}],"wp:featuredmedia":[{"embeddable":true,"href":"http:\/\/www.elenacabrera.com\/weblog3\/wp-json\/wp\/v2\/media\/2002003437"}],"wp:attachment":[{"href":"http:\/\/www.elenacabrera.com\/weblog3\/wp-json\/wp\/v2\/media?parent=2002003421"}],"wp:term":[{"taxonomy":"category","embeddable":true,"href":"http:\/\/www.elenacabrera.com\/weblog3\/wp-json\/wp\/v2\/categories?post=2002003421"},{"taxonomy":"post_tag","embeddable":true,"href":"http:\/\/www.elenacabrera.com\/weblog3\/wp-json\/wp\/v2\/tags?post=2002003421"}],"curies":[{"name":"wp","href":"https:\/\/api.w.org\/{rel}","templated":true}]}}