{"id":2002003425,"date":"2020-06-19T16:31:57","date_gmt":"2020-06-19T14:31:57","guid":{"rendered":"http:\/\/www.elenacabrera.com\/weblog\/?p=2002003425"},"modified":"2020-06-23T16:41:43","modified_gmt":"2020-06-23T14:41:43","slug":"diario-del-coronavirus-80-avada-kedavra-se-acabo-el-curso-escolar","status":"publish","type":"post","link":"http:\/\/www.elenacabrera.com\/weblog3\/2020\/06\/19\/diario-del-coronavirus-80-avada-kedavra-se-acabo-el-curso-escolar\/","title":{"rendered":"Diario del coronavirus (80): \u00a1\u2019Avada Kedavra\u2019, se acab\u00f3 el curso escolar!"},"content":{"rendered":"\n<p>La incertidumbre nos estaba provocando un enga\u00f1oso efecto \u00f3ptico: el verano parec\u00eda m\u00e1s lejos de lo que estaba. El curso acaba este viernes y, aunque es posible que no haya tanta diferencia entre las semanas previas y la que viene, s\u00ed est\u00e1 sucediendo que a muchas personas las est\u00e1n reincorporando a su trabajo, sac\u00e1ndolas de los ERTE o dando por terminada esta etapa de teletrabajo. Ya dos amigas, con hijas en Primaria, me han contado que les avisaban un jueves para regresar un lunes. En ambos casos, las personas que estaban organizando la nueva normalidad de las oficinas, se olvidaron de que en la vieja normalidad hab\u00eda ni\u00f1os en el colegio que ahora est\u00e1n en casa, enlazando el confinamiento con las vacaciones de verano. Suponemos que pensaron que ya sabr\u00edan los padres y las madres qu\u00e9 hacer con ellos, que a alg\u00fan sitio los mandar\u00edan. Pero no es tan f\u00e1cil.<\/p>\n\n\n\n<p>De golpe, muchas conversaciones giraron hacia la pregunta \u00bfqu\u00e9 vais a hacer con los ni\u00f1os?, que en realidad habr\u00eda que leerla entre exclamaciones: \u00a1qu\u00e9 vais a hacer con los ni\u00f1os!, y con un tono rayando en el p\u00e1nico: \u00a1\u00a1QU\u00c9 VAIS A HACER CON LOS NI\u00d1OS!! Desconozco c\u00f3mo va el tema en otras ciudades, pero en Madrid se cancelaron los campamentos de verano habituales y no ha sido hasta hace pocos d\u00edas que se han anunciado unos nuevos llamados \u201cpara la conciliaci\u00f3n\u201d y que tendr\u00e1n lugar entre el 20 de julio y el 14 de agosto. Por un lado, habr\u00eda que pensar qu\u00e9 pasa con la conciliaci\u00f3n el resto del verano y, por otro, si una vez m\u00e1s no estamos adultocentr\u00e1ndolo todo tanto, como se preguntaba Ana Requena hace un tiempo en este diario, que ni siquiera podemos llamar a los campamentos \u201cpara pasarlo chachi\u201d, o algo as\u00ed, pensando m\u00e1s en los ni\u00f1os y ni\u00f1as. Me vais a decir que es una tonter\u00eda, que total es solo un nombre, un t\u00edtulo, pero yo estoy convencida de que nombrar las cosas es una parte importante de hacer las cosas.<\/p>\n\n\n\n<p>El asunto es que estos campamentos, de los que a\u00fan no se sabe mucho m\u00e1s, los convoca la Unidad de Programas Socioeducativos para la Conciliaci\u00f3n de la Vida Familiar y Laboral del Ayuntamiento de Madrid, por lo que no podr\u00edamos esperar otro enfoque y solo pueden ser solicitados por las familias en las que ambos progenitores trabajen, o bien sean monoparentales o monomarentales trabajadores. Estoy pensando en una persona que conozco, que ahora mismo no est\u00e1 trabajando pero cuya salud mental est\u00e1 bastante al l\u00edmite despu\u00e9s de haberse dedicado intensivamente a cuidar y a ense\u00f1ar a sus hijos durante el confinamiento. Esta mujer, si quiere darle a sus hijos nuevas experiencias y a ella un poco de espacio, sea para recomponerse o para buscar trabajo, no puede optar a estos campamentos gratuitos y tendr\u00e1 que buscar uno de pago. En el AMPA del colegio de Eleonor se est\u00e1n reuniendo las opciones que les van llegando. Los precios suelen estar alrededor de 150 euros la semana y todas las propuestas son a partir de julio porque, seg\u00fan me cuentan, han tardado en desarrollarse los protocolos y, a partir de estos, han necesitado un tiempo para dise\u00f1ar y adaptar las propuestas.<\/p>\n\n\n\n<p style=\"text-align:right\"><em><a href=\"https:\/\/www.eldiario.es\/nidos\/Avada-Kedavra-acabo-curso-escolar_0_1039397209.html\">Sigue leyendo en eldiario.es<\/a><\/em><\/p>\n","protected":false},"excerpt":{"rendered":"<p>Y, en el \u00faltimo minuto, tuvo que fallarnos toda la tecnolog\u00eda. Pero ahora, \u00bfqu\u00e9 hacemos en verano? \u00a1\u2019Expelliarmus\u2019!<\/p>\n","protected":false},"author":1,"featured_media":2002003435,"comment_status":"closed","ping_status":"closed","sticky":false,"template":"","format":"standard","meta":{"footnotes":""},"categories":[],"tags":[],"class_list":["post-2002003425","post","type-post","status-publish","format-standard","has-post-thumbnail","hentry"],"_links":{"self":[{"href":"http:\/\/www.elenacabrera.com\/weblog3\/wp-json\/wp\/v2\/posts\/2002003425","targetHints":{"allow":["GET"]}}],"collection":[{"href":"http:\/\/www.elenacabrera.com\/weblog3\/wp-json\/wp\/v2\/posts"}],"about":[{"href":"http:\/\/www.elenacabrera.com\/weblog3\/wp-json\/wp\/v2\/types\/post"}],"author":[{"embeddable":true,"href":"http:\/\/www.elenacabrera.com\/weblog3\/wp-json\/wp\/v2\/users\/1"}],"replies":[{"embeddable":true,"href":"http:\/\/www.elenacabrera.com\/weblog3\/wp-json\/wp\/v2\/comments?post=2002003425"}],"version-history":[{"count":1,"href":"http:\/\/www.elenacabrera.com\/weblog3\/wp-json\/wp\/v2\/posts\/2002003425\/revisions"}],"predecessor-version":[{"id":2002003426,"href":"http:\/\/www.elenacabrera.com\/weblog3\/wp-json\/wp\/v2\/posts\/2002003425\/revisions\/2002003426"}],"wp:featuredmedia":[{"embeddable":true,"href":"http:\/\/www.elenacabrera.com\/weblog3\/wp-json\/wp\/v2\/media\/2002003435"}],"wp:attachment":[{"href":"http:\/\/www.elenacabrera.com\/weblog3\/wp-json\/wp\/v2\/media?parent=2002003425"}],"wp:term":[{"taxonomy":"category","embeddable":true,"href":"http:\/\/www.elenacabrera.com\/weblog3\/wp-json\/wp\/v2\/categories?post=2002003425"},{"taxonomy":"post_tag","embeddable":true,"href":"http:\/\/www.elenacabrera.com\/weblog3\/wp-json\/wp\/v2\/tags?post=2002003425"}],"curies":[{"name":"wp","href":"https:\/\/api.w.org\/{rel}","templated":true}]}}