{"id":2002003440,"date":"2020-06-08T07:46:38","date_gmt":"2020-06-08T05:46:38","guid":{"rendered":"http:\/\/www.elenacabrera.com\/weblog\/?p=2002003440"},"modified":"2020-06-24T07:48:08","modified_gmt":"2020-06-24T05:48:08","slug":"la-alternativa-a-sgae-quiere-llegar-volando-pero-le-falta-la-licencia-del-ministerio-de-cultura","status":"publish","type":"post","link":"http:\/\/www.elenacabrera.com\/weblog3\/2020\/06\/08\/la-alternativa-a-sgae-quiere-llegar-volando-pero-le-falta-la-licencia-del-ministerio-de-cultura\/","title":{"rendered":"La alternativa a SGAE quiere llegar volando pero le falta la licencia del Ministerio de Cultura"},"content":{"rendered":"\n<p>El primer comunicado p\u00fablico de SEDA, la nueva sociedad de gesti\u00f3n de derechos de autores musicales que se presenta como alternativa a la SGAE, comenz\u00f3 con un traspi\u00e9s. \u201cEstaba mal redactado\u201d, admite Patacho Recio, exguitarrista de Glutamato YeY\u00e9 y primer presidente de la Sociedad Espa\u00f1ola de Derechos de Autor (SEDA). No todo, claro, pero s\u00ed un detalle muy importante: el comunicado expresaba literalmente que SEDA hab\u00eda sido aceptada \u201ccomo miembro provisional de la CISAC\u201d, la confederaci\u00f3n internacional de organizaciones de gesti\u00f3n colectiva de derechos, cuyo respaldo es una garant\u00eda de transparencia en todo el mundo. De hecho, CISAC ha decidido prolongar durante otro a\u00f1o la expulsi\u00f3n de la SGAE debido a las irregularidades que la entidad a\u00fan no ha conseguido subsanar, lo cual es un golpe a la reputaci\u00f3n de la entidad.<\/p>\n\n\n\n<p>Un portavoz de la CISAC ha desmentido que SEDA hubiera sido admitida, ya que todav\u00eda no cuenta con la licencia para operar que debe otorgarle el Ministerio de Cultura. La sociedad est\u00e1 legalmente constituida pero, sin licencia, no va a ning\u00fan lado. la crisis del coronavirus y el consiguiente estado de alarma le han pasado por encima como una apisonadora, paralizando los planes y congelando los plazos que hab\u00edan previsto.<\/p>\n\n\n\n<p>El Ministerio de Cultura ha informado a este diario que la fecha en la que SEDA solicit\u00f3 la consesi\u00f3n de autorizaci\u00f3n para operar, en los m\u00e1rgenes estipulados por la Ley de Propiedad Intelectual, es del 19 de mayo. Pero para SEDA el proceso empez\u00f3 mucho antes: con una solicitud en diciembre de 2019, unas subsanaciones en enero, una nueva petici\u00f3n el 12 de marzo y una subsanaci\u00f3n final de un asunto importante: c\u00f3mo se van a gestionar los derechos de los socios en el extranjero, algo que han solventado con un acuerdo con la sociedad francesa SACEM.\u00a0<\/p>\n\n\n\n<p style=\"text-align:right\"><em><a href=\"https:\/\/www.eldiario.es\/cultura\/alternativa-SGAE-licencia-Ministerio-Cultura_0_1034847569.html\">Sigue leyendo en eldiario.es<\/a><\/em><\/p>\n","protected":false},"excerpt":{"rendered":"<p>El primer comunicado p\u00fablico de SEDA, la nueva sociedad de gesti\u00f3n de derechos de autores musicales que se presenta como alternativa a la SGAE, comenz\u00f3 con un traspi\u00e9s. \u201cEstaba mal redactado\u201d, admite Patacho Recio, exguitarrista de Glutamato YeY\u00e9 y primer presidente de la Sociedad Espa\u00f1ola de Derechos de Autor (SEDA). No todo, claro, pero s\u00ed [&hellip;]<\/p>\n","protected":false},"author":1,"featured_media":2002003441,"comment_status":"closed","ping_status":"closed","sticky":false,"template":"","format":"standard","meta":{"footnotes":""},"categories":[],"tags":[],"class_list":["post-2002003440","post","type-post","status-publish","format-standard","has-post-thumbnail","hentry"],"_links":{"self":[{"href":"http:\/\/www.elenacabrera.com\/weblog3\/wp-json\/wp\/v2\/posts\/2002003440","targetHints":{"allow":["GET"]}}],"collection":[{"href":"http:\/\/www.elenacabrera.com\/weblog3\/wp-json\/wp\/v2\/posts"}],"about":[{"href":"http:\/\/www.elenacabrera.com\/weblog3\/wp-json\/wp\/v2\/types\/post"}],"author":[{"embeddable":true,"href":"http:\/\/www.elenacabrera.com\/weblog3\/wp-json\/wp\/v2\/users\/1"}],"replies":[{"embeddable":true,"href":"http:\/\/www.elenacabrera.com\/weblog3\/wp-json\/wp\/v2\/comments?post=2002003440"}],"version-history":[{"count":1,"href":"http:\/\/www.elenacabrera.com\/weblog3\/wp-json\/wp\/v2\/posts\/2002003440\/revisions"}],"predecessor-version":[{"id":2002003442,"href":"http:\/\/www.elenacabrera.com\/weblog3\/wp-json\/wp\/v2\/posts\/2002003440\/revisions\/2002003442"}],"wp:featuredmedia":[{"embeddable":true,"href":"http:\/\/www.elenacabrera.com\/weblog3\/wp-json\/wp\/v2\/media\/2002003441"}],"wp:attachment":[{"href":"http:\/\/www.elenacabrera.com\/weblog3\/wp-json\/wp\/v2\/media?parent=2002003440"}],"wp:term":[{"taxonomy":"category","embeddable":true,"href":"http:\/\/www.elenacabrera.com\/weblog3\/wp-json\/wp\/v2\/categories?post=2002003440"},{"taxonomy":"post_tag","embeddable":true,"href":"http:\/\/www.elenacabrera.com\/weblog3\/wp-json\/wp\/v2\/tags?post=2002003440"}],"curies":[{"name":"wp","href":"https:\/\/api.w.org\/{rel}","templated":true}]}}