{"id":2002003449,"date":"2020-05-24T07:55:06","date_gmt":"2020-05-24T05:55:06","guid":{"rendered":"http:\/\/www.elenacabrera.com\/weblog\/?p=2002003449"},"modified":"2020-06-24T07:58:02","modified_gmt":"2020-06-24T05:58:02","slug":"el-edificio-huarte-lugar-de-culto-para-la-campana-de-la-extrema-derecha-contra-el-gobierno-de-pedro-sanchez","status":"publish","type":"post","link":"http:\/\/www.elenacabrera.com\/weblog3\/2020\/05\/24\/el-edificio-huarte-lugar-de-culto-para-la-campana-de-la-extrema-derecha-contra-el-gobierno-de-pedro-sanchez\/","title":{"rendered":"El edificio Huarte, \u00ablugar de culto\u00bb para la campa\u00f1a de la extrema derecha contra el Gobierno de Pedro S\u00e1nchez"},"content":{"rendered":"\n<p>En la tarde del pasado s\u00e1bado 16 de mayo, llovieron pasquines con la cara de Pedro S\u00e1nchez en una esquina muy concreta de Madrid: all\u00ed donde el Paseo de la Habana muere en el de Castellana, a los pies del edificio Huarte; el apellido de una familia de constructores y empresarios fuertemente unida al franquismo. Acompa\u00f1aba la imagen del Presidente las palabras \u201cconf\u00eda en tu gobierno, encerrados sois libres\u201d. Alzando la vista hacia los pisos superiores, desde donde se arrojaban los papeles, un S\u00e1nchez de dimensiones gigantescas impreso en tela ondeaba a lo largo de seis plantas del inmueble.<\/p>\n\n\n\n<p>Su rostro, en blanco y negro, aparec\u00eda recortado sobre fondo rojo y colocado sobre una frase de s\u00e1tira autoritaria (\u201cun buen gobierno [escrito simulando espray encima de la palabra \u2018ciudadano\u2019] obedece\u201d), en evidente inspiraci\u00f3n en los carteles sobre el acechante gran hermano de la primera adaptaci\u00f3n cinematogr\u00e1fica de la novela de George Orwell, <em>1984<\/em>. La fotograf\u00eda del presidente del Gobierno proviene de un retrato robado al fot\u00f3grafo de El Pa\u00eds Carlos Spottorno, tal y como \u00e9l mismo denunci\u00f3 en redes sociales ya quince d\u00edas antes, cuando esa misma gr\u00e1fica apareci\u00f3 en algunas marquesinas de autobuses de Madrid el d\u00eda 2 de mayo. En esta ocasi\u00f3n, la hab\u00edan modificado a\u00f1adi\u00e9ndola una pintada negra de espray sobre los ojos. A pesar de la amenaza del fotoperiodista por emprender acciones legales, la imagen no ha parado de usarse, incluso para hacer merchandising a la venta en una web con camisetas a 10 euros y lonas de balc\u00f3n a 20. Tras las <a href=\"https:\/\/www.eldiario.es\/tecnologia\/Facua-organismos-merchandising-anticonfinamiento-Gobierno_0_1029597800.html\">denuncias de Facua<\/a>, la tienda<a href=\"https:\/\/www.eldiario.es\/tecnologia\/promotores-anticonfinamiento-Gobierno-denunciada-transparencia_0_1029598104.html\"> est\u00e1 temporalmente inactiva<\/a>.<\/p>\n\n\n\n<p>Estas acciones forman parte de una campa\u00f1a contra el Gobierno iniciada el 8 de abril a partir de una \u201cmanifestaci\u00f3n online\u201d. En el v\u00eddeo del directo de YouTube que serv\u00eda como canalizador, su impulsor, Alvise P\u00e9rez, afirmaba que la realizaba \u201csin pol\u00edticos, partidos ni recursos\u201d. La gran lona desplegada sobre la fachada del edificio de la Castellana es la misma que apareci\u00f3 este 21 de mayo en la plaza de San Francisco de Sevilla, otra intervenci\u00f3n pol\u00edtica realizada tambi\u00e9n por <a href=\"https:\/\/www.eldiario.es\/cv\/Alvise-Perez-Toni-Canto-Mintio_0_1015248630.html\">el exasesor de Ciudadanos Alvise P\u00e9rez<\/a>, quien se traslad\u00f3 personalmente a la capital andaluza y particip\u00f3 de su emplazamiento, como pudo observarse en sus redes sociales.<\/p>\n\n\n\n<p style=\"text-align:right\"><em>Escrito con Anal\u00eda Plaza. <a href=\"https:\/\/www.eldiario.es\/politica\/edificio-Huarte-lugar-campana-anticonfinamiento_0_1029947039.html\">Sigue leyendo en eldiario.es<\/a><\/em><\/p>\n","protected":false},"excerpt":{"rendered":"<p>En la tarde del pasado s\u00e1bado 16 de mayo, llovieron pasquines con la cara de Pedro S\u00e1nchez en una esquina muy concreta de Madrid: all\u00ed donde el Paseo de la Habana muere en el de Castellana, a los pies del edificio Huarte; el apellido de una familia de constructores y empresarios fuertemente unida al franquismo. [&hellip;]<\/p>\n","protected":false},"author":1,"featured_media":2002003450,"comment_status":"closed","ping_status":"closed","sticky":false,"template":"","format":"standard","meta":{"footnotes":""},"categories":[],"tags":[],"class_list":["post-2002003449","post","type-post","status-publish","format-standard","has-post-thumbnail","hentry"],"_links":{"self":[{"href":"http:\/\/www.elenacabrera.com\/weblog3\/wp-json\/wp\/v2\/posts\/2002003449","targetHints":{"allow":["GET"]}}],"collection":[{"href":"http:\/\/www.elenacabrera.com\/weblog3\/wp-json\/wp\/v2\/posts"}],"about":[{"href":"http:\/\/www.elenacabrera.com\/weblog3\/wp-json\/wp\/v2\/types\/post"}],"author":[{"embeddable":true,"href":"http:\/\/www.elenacabrera.com\/weblog3\/wp-json\/wp\/v2\/users\/1"}],"replies":[{"embeddable":true,"href":"http:\/\/www.elenacabrera.com\/weblog3\/wp-json\/wp\/v2\/comments?post=2002003449"}],"version-history":[{"count":1,"href":"http:\/\/www.elenacabrera.com\/weblog3\/wp-json\/wp\/v2\/posts\/2002003449\/revisions"}],"predecessor-version":[{"id":2002003451,"href":"http:\/\/www.elenacabrera.com\/weblog3\/wp-json\/wp\/v2\/posts\/2002003449\/revisions\/2002003451"}],"wp:featuredmedia":[{"embeddable":true,"href":"http:\/\/www.elenacabrera.com\/weblog3\/wp-json\/wp\/v2\/media\/2002003450"}],"wp:attachment":[{"href":"http:\/\/www.elenacabrera.com\/weblog3\/wp-json\/wp\/v2\/media?parent=2002003449"}],"wp:term":[{"taxonomy":"category","embeddable":true,"href":"http:\/\/www.elenacabrera.com\/weblog3\/wp-json\/wp\/v2\/categories?post=2002003449"},{"taxonomy":"post_tag","embeddable":true,"href":"http:\/\/www.elenacabrera.com\/weblog3\/wp-json\/wp\/v2\/tags?post=2002003449"}],"curies":[{"name":"wp","href":"https:\/\/api.w.org\/{rel}","templated":true}]}}