{"id":2002003452,"date":"2020-05-22T07:58:26","date_gmt":"2020-05-22T05:58:26","guid":{"rendered":"http:\/\/www.elenacabrera.com\/weblog\/?p=2002003452"},"modified":"2020-06-24T07:59:34","modified_gmt":"2020-06-24T05:59:34","slug":"fallece-el-musico-ernesto-gonzalez-de-grupo-salvaje-y-the-pribata-idaho","status":"publish","type":"post","link":"http:\/\/www.elenacabrera.com\/weblog3\/2020\/05\/22\/fallece-el-musico-ernesto-gonzalez-de-grupo-salvaje-y-the-pribata-idaho\/","title":{"rendered":"Fallece el m\u00fasico Ernesto Gonz\u00e1lez, de Grupo Salvaje y The Pribata Idaho"},"content":{"rendered":"\n<p>Amigos cercanos al m\u00fasico madrile\u00f1o Ernesto Gonz\u00e1lez han informado en la tarde del martes 19 de mayo de su fallecimiento, a consecuencia de una larga enfermedad, a los 55 a\u00f1os. Gonz\u00e1lez lider\u00f3 los grupos The Pribata Idaho, avanzadilla de la escena de pop independiente de los 90 y, posteriormente, Grupo Salvaje.<\/p>\n\n\n\n<p>Apasionado por la m\u00fasica anglosajona de los 60, gran admirador de los Byrds, descubridor incansable de grupos olvidados, sus influencias calaron fuertemente en sus canciones, rode\u00e1ndolas de una gran riqueza mel\u00f3dica, intensidad, guitarras fronterizas \u2014 con especial gusto por la Rickenbacker de 12 cuerdas\u2014 y su peculiar voz, con la que cantaba en ingl\u00e9s. The Pribata Idaho se form\u00f3 en 1988, aunque no apareci\u00f3 su primer disco,<em> Cactus Juice<\/em>, hasta 1992, seguido de Sueroine (1994) con unas ic\u00f3nicas portadas dibujadas por Mauro Entrialgo. Fue un grupo epigonal entre dos generaciones musicales y, por ello, quiz\u00e1s siempre dif\u00edcil de encasillar, algo que le sucedi\u00f3 durante toda su carrera y de lo que hac\u00eda gala.<\/p>\n\n\n\n<p>En una entrevista en el a\u00f1o 2013 para la revista Mondosonoro, con motivo de la aparici\u00f3n del tercer y \u00faltimo disco de Grupo Salvaje, titulado III, el m\u00fasico dijo: \u201ca lo mejor es una percepci\u00f3n m\u00eda de estar al margen de todo, como flotando en un limbo, y dando tambi\u00e9n una sensaci\u00f3n que no es real. No nos queremos esconder, ni tener tan poca actividad como aparentemente tenemos, pero es verdad que por alguna raz\u00f3n andamos en una nebulosa, un tanto desubicados. Encontrar el sitio al que pertenecemos no es f\u00e1cil\u201d.<\/p>\n\n\n\n<p style=\"text-align:right\"><em><a href=\"https:\/\/www.eldiario.es\/cultura\/Fallece-Ernesto-Gonzalez-Salvaje-Pribata_0_1029247357.html\">Sigue leyendo en eldiario.es<\/a><\/em><\/p>\n","protected":false},"excerpt":{"rendered":"<p>Amigos cercanos al m\u00fasico madrile\u00f1o Ernesto Gonz\u00e1lez han informado en la tarde del martes 19 de mayo de su fallecimiento, a consecuencia de una larga enfermedad, a los 55 a\u00f1os. Gonz\u00e1lez lider\u00f3 los grupos The Pribata Idaho, avanzadilla de la escena de pop independiente de los 90 y, posteriormente, Grupo Salvaje. Apasionado por la m\u00fasica [&hellip;]<\/p>\n","protected":false},"author":1,"featured_media":0,"comment_status":"closed","ping_status":"closed","sticky":false,"template":"","format":"standard","meta":{"footnotes":""},"categories":[],"tags":[],"class_list":["post-2002003452","post","type-post","status-publish","format-standard","hentry"],"_links":{"self":[{"href":"http:\/\/www.elenacabrera.com\/weblog3\/wp-json\/wp\/v2\/posts\/2002003452","targetHints":{"allow":["GET"]}}],"collection":[{"href":"http:\/\/www.elenacabrera.com\/weblog3\/wp-json\/wp\/v2\/posts"}],"about":[{"href":"http:\/\/www.elenacabrera.com\/weblog3\/wp-json\/wp\/v2\/types\/post"}],"author":[{"embeddable":true,"href":"http:\/\/www.elenacabrera.com\/weblog3\/wp-json\/wp\/v2\/users\/1"}],"replies":[{"embeddable":true,"href":"http:\/\/www.elenacabrera.com\/weblog3\/wp-json\/wp\/v2\/comments?post=2002003452"}],"version-history":[{"count":1,"href":"http:\/\/www.elenacabrera.com\/weblog3\/wp-json\/wp\/v2\/posts\/2002003452\/revisions"}],"predecessor-version":[{"id":2002003453,"href":"http:\/\/www.elenacabrera.com\/weblog3\/wp-json\/wp\/v2\/posts\/2002003452\/revisions\/2002003453"}],"wp:attachment":[{"href":"http:\/\/www.elenacabrera.com\/weblog3\/wp-json\/wp\/v2\/media?parent=2002003452"}],"wp:term":[{"taxonomy":"category","embeddable":true,"href":"http:\/\/www.elenacabrera.com\/weblog3\/wp-json\/wp\/v2\/categories?post=2002003452"},{"taxonomy":"post_tag","embeddable":true,"href":"http:\/\/www.elenacabrera.com\/weblog3\/wp-json\/wp\/v2\/tags?post=2002003452"}],"curies":[{"name":"wp","href":"https:\/\/api.w.org\/{rel}","templated":true}]}}