{"id":2002003454,"date":"2020-05-11T08:00:29","date_gmt":"2020-05-11T06:00:29","guid":{"rendered":"http:\/\/www.elenacabrera.com\/weblog\/?p=2002003454"},"modified":"2020-06-24T08:01:56","modified_gmt":"2020-06-24T06:01:56","slug":"las-ultimas-escenas-de-la-vida-normal-ese-tiempo-en-el-que-convivimos-con-el-coronavirus-sin-saberlo","status":"publish","type":"post","link":"http:\/\/www.elenacabrera.com\/weblog3\/2020\/05\/11\/las-ultimas-escenas-de-la-vida-normal-ese-tiempo-en-el-que-convivimos-con-el-coronavirus-sin-saberlo\/","title":{"rendered":"Las \u00faltimas escenas de la &#8216;vida normal&#8217;, ese tiempo en el que convivimos con el coronavirus sin saberlo"},"content":{"rendered":"\n<p>La historia oficial del coronavirus en Espa\u00f1a comienza en las \u00faltimas horas del mes de enero. El Centro Nacional de Microbiolog\u00eda hab\u00eda recibido cinco muestras procedentes de La Gomera que pertenec\u00edan a personas de nacionalidad alemana que hab\u00edan estado en contacto con un enfermo de coronavirus en ese pa\u00eds. El sistema sanitario canario las ten\u00eda aisladas en un hospital. Una de esas cinco se convertir\u00eda en el primer positivo espa\u00f1ol. Nos enteramos tarde, pasadas las diez de la noche de aquel viernes. El Instituto Carlos III inform\u00f3 de que no eran las \u00fanicas que hab\u00eda analizado hasta el momento y que ya hab\u00eda comprobado otras doce muestras, todas ellas resultaron negativas. Algunos de los casos sospechosos eran personas que proven\u00edan de Wuhan, una ciudad a 10.000 kil\u00f3metros de distancia de Madrid que las noticias diarias nos la acercaban como parte de nuestra geograf\u00eda, pero no lo suficiente como para pensar que aquel virus que la devastaba pudiera llegar aqu\u00ed en cualquier momento.<\/p>\n\n\n\n<p>Fue el 3 de enero cuando el primer medio fuera de China, la BBC, inform\u00f3 sobre un \u201cvirus misterioso\u201d que hab\u00eda afectado a 44 personas, 11 de ellas gravemente. La oficina de la OMS en China tuvo conocimiento apenas unos d\u00edas antes, en Nochevieja, pero, seg\u00fan se supo despu\u00e9s, el primer contagio hab\u00eda sucedido semanas atr\u00e1s. La sanidad china considera que el paciente uno es un hombre de 55 a\u00f1os contagiado en la provincia de Wuhan, Hubei, en torno al 17 de noviembre. Estudios posteriores determinaron que al menos 266 personas se hab\u00edan infectado en el pa\u00eds asi\u00e1tico antes de que acabara el a\u00f1o 2019. La expansi\u00f3n r\u00e1pida y silenciosa del coronavirus pudo empezar en cualquier momento, pues Wuhan acoge un aeropuerto internacional por cuyas terminales transitan 25 millones de pasajeros al a\u00f1o.<\/p>\n\n\n\n<p>La precomprensi\u00f3n de una cosa emerge cuando se la nombra y eso sucedi\u00f3 al d\u00eda siguiente de Reyes de este a\u00f1o, cuando los cient\u00edficos chinos aislaron el virus en un laboratorio y lo bautizaron como SARS-CoV-2. Hasta ese momento, no hab\u00eda evidencias de transmisi\u00f3n entre humanos y la mayor\u00eda de los pacientes eran comerciantes del mercado mayorista de mariscos del sur de China en Wuhan, seg\u00fan las autoridades de ese pa\u00eds. El 11 de enero, China lament\u00f3 su primera v\u00edctima mortal.<\/p>\n\n\n\n<p style=\"text-align:right\"><em><a href=\"https:\/\/www.eldiario.es\/sociedad\/febrero-COVID-19-enmascaro-gripe_0_1023998386.html\">Sigue leyendo en eldiario.es<\/a><\/em><\/p>\n","protected":false},"excerpt":{"rendered":"<p>\u201cLa sensaci\u00f3n que tengo es que el coronavirus estaba entre nosotros mucho antes de que se declarase el primer caso pero no supimos diferenciarlo bien de la gripe\u201d, dice la doctora Paula Chao<\/p>\n","protected":false},"author":1,"featured_media":0,"comment_status":"closed","ping_status":"closed","sticky":false,"template":"","format":"standard","meta":{"footnotes":""},"categories":[],"tags":[],"class_list":["post-2002003454","post","type-post","status-publish","format-standard","hentry"],"_links":{"self":[{"href":"http:\/\/www.elenacabrera.com\/weblog3\/wp-json\/wp\/v2\/posts\/2002003454","targetHints":{"allow":["GET"]}}],"collection":[{"href":"http:\/\/www.elenacabrera.com\/weblog3\/wp-json\/wp\/v2\/posts"}],"about":[{"href":"http:\/\/www.elenacabrera.com\/weblog3\/wp-json\/wp\/v2\/types\/post"}],"author":[{"embeddable":true,"href":"http:\/\/www.elenacabrera.com\/weblog3\/wp-json\/wp\/v2\/users\/1"}],"replies":[{"embeddable":true,"href":"http:\/\/www.elenacabrera.com\/weblog3\/wp-json\/wp\/v2\/comments?post=2002003454"}],"version-history":[{"count":1,"href":"http:\/\/www.elenacabrera.com\/weblog3\/wp-json\/wp\/v2\/posts\/2002003454\/revisions"}],"predecessor-version":[{"id":2002003455,"href":"http:\/\/www.elenacabrera.com\/weblog3\/wp-json\/wp\/v2\/posts\/2002003454\/revisions\/2002003455"}],"wp:attachment":[{"href":"http:\/\/www.elenacabrera.com\/weblog3\/wp-json\/wp\/v2\/media?parent=2002003454"}],"wp:term":[{"taxonomy":"category","embeddable":true,"href":"http:\/\/www.elenacabrera.com\/weblog3\/wp-json\/wp\/v2\/categories?post=2002003454"},{"taxonomy":"post_tag","embeddable":true,"href":"http:\/\/www.elenacabrera.com\/weblog3\/wp-json\/wp\/v2\/tags?post=2002003454"}],"curies":[{"name":"wp","href":"https:\/\/api.w.org\/{rel}","templated":true}]}}