{"id":2002003461,"date":"2020-05-01T08:13:41","date_gmt":"2020-05-01T06:13:41","guid":{"rendered":"http:\/\/www.elenacabrera.com\/weblog\/?p=2002003461"},"modified":"2020-06-24T08:15:17","modified_gmt":"2020-06-24T06:15:17","slug":"el-guionista-antonio-onetti-elegido-nuevo-presidente-de-la-sgae","status":"publish","type":"post","link":"http:\/\/www.elenacabrera.com\/weblog3\/2020\/05\/01\/el-guionista-antonio-onetti-elegido-nuevo-presidente-de-la-sgae\/","title":{"rendered":"El guionista Antonio Onetti, elegido nuevo presidente de la SGAE"},"content":{"rendered":"\n<p>Son mandatos pensados para cuatro a\u00f1os pero Antonio Onetti es el cuarto presidente de la SGAE en 18 meses. La elecci\u00f3n se ha producido en una Junta Directiva extraordinaria convocada en la ma\u00f1ana de este jueves 30 de abril, despu\u00e9s de quince d\u00edas de presidencia interina de Ferm\u00edn Cabal, por ser el miembro de mayor edad. Los estatutos le daban a Cabal un mes para que la junta eligiera un presidente, tras la moci\u00f3n de censura que expuls\u00f3 a Pilar Jurado del sill\u00f3n principal, pero no ha agotado el tiempo. Onetti ha recibido 21 votos a favor, seis en contra y ocho abstenciones.<\/p>\n\n\n\n<p>El <a href=\"https:\/\/www.eldiario.es\/cultura\/mocion-censura-hace-presidenta-SGAE_0_1016999356.html\">mecanismo de destituci\u00f3n contra Pilar Jurado<\/a> fue urdido por 22 personas descontentas con los quince meses de gesti\u00f3n de la soprano, en los que no consigui\u00f3 recuperar la confianza del Ministerio de Cultura, que amenaza con retirar a la SGAE la licencia para operar, ni de la confederaci\u00f3n internacional de sociedades de gesti\u00f3n de derechos, la Cisac, que mantiene a la entidad en cuarenta con una expulsi\u00f3n de un a\u00f1o que se puede prolongar.La elecci\u00f3n de Onetti se ha producido entre los miembros de la Junta Directiva, la cual ha sufrido una \u00fanica variaci\u00f3n durante los quince d\u00edas de Ferm\u00edn Cabal, <a href=\"https:\/\/www.eldiario.es\/cultura\/sgae-destituye-vicepresidentas-opinion-pertenece_0_1019448679.html\">con la destituci\u00f3n como vicepresidenta del colegio de peque\u00f1o derecho<\/a>, el que representa a los m\u00fasicos, de Inma Serrano, aunque esta sigue manteniendo su asiento en la mesa de 35 miembros. Serrano ha puesto su cese en manos del despacho del abogado C\u00e1ndido Conde-Pumpido, el cual est\u00e1 estudiando acciones legales. El \u00f3rgano de Gobierno que s\u00ed ha sido m\u00e1s profundamente intervenido es el Consejo de Direcci\u00f3n, formado por 14 miembros de la Junta m\u00e1s su presidente. En \u00e9l, se ha renovado la pr\u00e1ctica totalidad, a excepci\u00f3n de uno, de los miembros del colegio de los m\u00fasicos. Seg\u00fan fuentes internas de la entidad, esta renovaci\u00f3n era necesaria para sacar a las personas con conflictos de intereses, los partidarios de la llamada <a href=\"https:\/\/www.eldiario.es\/cultura\/propiedad-intelectual\/rueda-televisiones-negocio-millones_0_656535102.html\">rueda de las televisiones<\/a>, del gobierno de la instituci\u00f3n. Miguel \u00c1ngel Chastang, Pablo Pinilla, Inma Serrano e Iv\u00e1n Sevillano salieron del Consejo de Direcci\u00f3n y fueron sustituidos por Jos\u00e9 de Eusebio, Teo Cardalda, Juan Parrilla y Pablo Salinas, este \u00faltimo, adem\u00e1s, ocup\u00f3 la vicepresidencia por parte del colegio de m\u00fasicos. Tambi\u00e9n ha desaparecido del equipo directivo el pol\u00e9mico nombramiento de Clifton J. Williams como subdirector general, no autorizado por el Ministerio de Cultura al tratarse de un cambio en el organigrama con la creaci\u00f3n de un puesto que antes no exist\u00eda.<\/p>\n\n\n\n<p style=\"text-align:right\"><em><a href=\"https:\/\/www.eldiario.es\/cultura\/guionista-Antonio-Onetti-presidente-Sgae_0_1022248354.html\">Sigue leyendo en eldiario.es<\/a><\/em><\/p>\n","protected":false},"excerpt":{"rendered":"<p>Son mandatos pensados para cuatro a\u00f1os pero Antonio Onetti es el cuarto presidente de la SGAE en 18 meses. La elecci\u00f3n se ha producido en una Junta Directiva extraordinaria convocada en la ma\u00f1ana de este jueves 30 de abril, despu\u00e9s de quince d\u00edas de presidencia interina de Ferm\u00edn Cabal, por ser el miembro de mayor [&hellip;]<\/p>\n","protected":false},"author":1,"featured_media":0,"comment_status":"closed","ping_status":"closed","sticky":false,"template":"","format":"standard","meta":{"footnotes":""},"categories":[],"tags":[],"class_list":["post-2002003461","post","type-post","status-publish","format-standard","hentry"],"_links":{"self":[{"href":"http:\/\/www.elenacabrera.com\/weblog3\/wp-json\/wp\/v2\/posts\/2002003461","targetHints":{"allow":["GET"]}}],"collection":[{"href":"http:\/\/www.elenacabrera.com\/weblog3\/wp-json\/wp\/v2\/posts"}],"about":[{"href":"http:\/\/www.elenacabrera.com\/weblog3\/wp-json\/wp\/v2\/types\/post"}],"author":[{"embeddable":true,"href":"http:\/\/www.elenacabrera.com\/weblog3\/wp-json\/wp\/v2\/users\/1"}],"replies":[{"embeddable":true,"href":"http:\/\/www.elenacabrera.com\/weblog3\/wp-json\/wp\/v2\/comments?post=2002003461"}],"version-history":[{"count":1,"href":"http:\/\/www.elenacabrera.com\/weblog3\/wp-json\/wp\/v2\/posts\/2002003461\/revisions"}],"predecessor-version":[{"id":2002003462,"href":"http:\/\/www.elenacabrera.com\/weblog3\/wp-json\/wp\/v2\/posts\/2002003461\/revisions\/2002003462"}],"wp:attachment":[{"href":"http:\/\/www.elenacabrera.com\/weblog3\/wp-json\/wp\/v2\/media?parent=2002003461"}],"wp:term":[{"taxonomy":"category","embeddable":true,"href":"http:\/\/www.elenacabrera.com\/weblog3\/wp-json\/wp\/v2\/categories?post=2002003461"},{"taxonomy":"post_tag","embeddable":true,"href":"http:\/\/www.elenacabrera.com\/weblog3\/wp-json\/wp\/v2\/tags?post=2002003461"}],"curies":[{"name":"wp","href":"https:\/\/api.w.org\/{rel}","templated":true}]}}