{"id":2002003463,"date":"2020-04-24T08:16:30","date_gmt":"2020-04-24T06:16:30","guid":{"rendered":"http:\/\/www.elenacabrera.com\/weblog\/?p=2002003463"},"modified":"2020-06-24T08:17:37","modified_gmt":"2020-06-24T06:17:37","slug":"la-sgae-destituye-a-una-de-sus-vicepresidentas-sin-contar-con-la-opinion-del-colegio-al-que-pertenece","status":"publish","type":"post","link":"http:\/\/www.elenacabrera.com\/weblog3\/2020\/04\/24\/la-sgae-destituye-a-una-de-sus-vicepresidentas-sin-contar-con-la-opinion-del-colegio-al-que-pertenece\/","title":{"rendered":"La SGAE destituye a una de sus vicepresidentas sin contar con la opini\u00f3n del colegio al que pertenece"},"content":{"rendered":"\n<p>La primera medida de la nueva Junta Directiva de la Sgae, presidida por Ferm\u00edn Cabal tras la <a href=\"https:\/\/www.eldiario.es\/cultura\/mocion-censura-hace-presidenta-SGAE_0_1016999356.html\">moci\u00f3n de censura contra Pilar Jurado<\/a>, ha sido la destituci\u00f3n de la vicepresidenta Inma Serrano. La sociedad de autores contempla cuatro vicepresidencias, una por colegio, y Serrano representaba al de peque\u00f1o derecho, el que agrupa a los m\u00fasicos.<\/p>\n\n\n\n<p>La decisi\u00f3n se tom\u00f3 el pasado viernes 17 de abril, en la primera reuni\u00f3n de la Junta. As\u00ed como la designaci\u00f3n de Pablo Salinas como nuevo vicepresidente por parte del colegio de peque\u00f1o derecho y la entrada del miembro de la junta Teo Cardalda en el otro \u00f3rgano de gobierno de la Sgae, el Consejo de Direcci\u00f3n.<\/p>\n\n\n\n<p>Los miembros de cada colegio son los encargados, mediante unas elecciones parciales, de elegir qui\u00e9n lo preside y, por tanto, a qu\u00e9 personas sit\u00faa en las vicepresidencias y en los asientos correspondientes de la Junta Directiva. La destituci\u00f3n de Inma Serrano ha sido llamativa al romper la autonom\u00eda de cada colegio para elegir qui\u00e9n los representa; esta destituci\u00f3n se ha producido con los votos de los miembros de otros colegios de la Junta Directiva. De igual manera, la elecci\u00f3n del m\u00fasico y productor Pedro Salinas se ha realizado con votos de miembros de otros colegios profesionales, en contra de la postura mayoritaria del colegio al que pertenece, el de los m\u00fasicos. Esta es una circunstancia que ha cogido por sorpresa a los m\u00fasicos, pues nunca antes hab\u00eda ocurrido. Ya se ha producido el traspaso de responsabilidades de Serrano a Salinas, el cual ha recibido informaci\u00f3n sobre las inquietudes del colegio, de los socios y de los problemas de atenci\u00f3n m\u00e1s inmediata, como son las ayudas econ\u00f3micas a los socios afectados por Covid-19, que todav\u00eda est\u00e1n pendientes de ser gestionadas. Salinas ha sustituido a Serrano, tambi\u00e9n, en el Consejo de Direcci\u00f3n de la Sgae.<\/p>\n\n\n\n<p style=\"text-align:right\"><em><a href=\"https:\/\/www.eldiario.es\/cultura\/sgae-destituye-vicepresidentas-opinion-pertenece_0_1019448679.html\">Sigue leyendo en eldiario.es<\/a><\/em><\/p>\n","protected":false},"excerpt":{"rendered":"<p>La primera medida de la nueva Junta Directiva de la Sgae, presidida por Ferm\u00edn Cabal tras la moci\u00f3n de censura contra Pilar Jurado, ha sido la destituci\u00f3n de la vicepresidenta Inma Serrano. La sociedad de autores contempla cuatro vicepresidencias, una por colegio, y Serrano representaba al de peque\u00f1o derecho, el que agrupa a los m\u00fasicos. [&hellip;]<\/p>\n","protected":false},"author":1,"featured_media":0,"comment_status":"closed","ping_status":"closed","sticky":false,"template":"","format":"standard","meta":{"footnotes":""},"categories":[],"tags":[],"class_list":["post-2002003463","post","type-post","status-publish","format-standard","hentry"],"_links":{"self":[{"href":"http:\/\/www.elenacabrera.com\/weblog3\/wp-json\/wp\/v2\/posts\/2002003463","targetHints":{"allow":["GET"]}}],"collection":[{"href":"http:\/\/www.elenacabrera.com\/weblog3\/wp-json\/wp\/v2\/posts"}],"about":[{"href":"http:\/\/www.elenacabrera.com\/weblog3\/wp-json\/wp\/v2\/types\/post"}],"author":[{"embeddable":true,"href":"http:\/\/www.elenacabrera.com\/weblog3\/wp-json\/wp\/v2\/users\/1"}],"replies":[{"embeddable":true,"href":"http:\/\/www.elenacabrera.com\/weblog3\/wp-json\/wp\/v2\/comments?post=2002003463"}],"version-history":[{"count":1,"href":"http:\/\/www.elenacabrera.com\/weblog3\/wp-json\/wp\/v2\/posts\/2002003463\/revisions"}],"predecessor-version":[{"id":2002003464,"href":"http:\/\/www.elenacabrera.com\/weblog3\/wp-json\/wp\/v2\/posts\/2002003463\/revisions\/2002003464"}],"wp:attachment":[{"href":"http:\/\/www.elenacabrera.com\/weblog3\/wp-json\/wp\/v2\/media?parent=2002003463"}],"wp:term":[{"taxonomy":"category","embeddable":true,"href":"http:\/\/www.elenacabrera.com\/weblog3\/wp-json\/wp\/v2\/categories?post=2002003463"},{"taxonomy":"post_tag","embeddable":true,"href":"http:\/\/www.elenacabrera.com\/weblog3\/wp-json\/wp\/v2\/tags?post=2002003463"}],"curies":[{"name":"wp","href":"https:\/\/api.w.org\/{rel}","templated":true}]}}