{"id":2002003468,"date":"2020-03-25T08:42:03","date_gmt":"2020-03-25T06:42:03","guid":{"rendered":"http:\/\/www.elenacabrera.com\/weblog\/?p=2002003468"},"modified":"2020-06-24T08:44:47","modified_gmt":"2020-06-24T06:44:47","slug":"elites-ocultas-urden-un-complot-en-una-novela-para-resucitar-a-franco","status":"publish","type":"post","link":"http:\/\/www.elenacabrera.com\/weblog3\/2020\/03\/25\/elites-ocultas-urden-un-complot-en-una-novela-para-resucitar-a-franco\/","title":{"rendered":"\u00c9lites ocultas urden un complot (en una novela) para resucitar a Franco"},"content":{"rendered":"\n<p>Aitor Mar\u00edn es un periodista que ha pasado por medios tan importantes para el imaginario de varias generaciones como la revista Intervi\u00fa y Noticias del Mundo. Las potentes investigaciones de la cabecera de Grupo Zeta reciben un homenaje en las p\u00e1ginas de su novela <em>Conspiraci\u00f3n verm\u00fa<\/em> (Suma de Letras, 2020) pero el reportaje que intenta llevar a cabo Dolores Ambig\u00fa podr\u00eda haberse publicado, m\u00e1s bien, en el chalad\u00edsimo Noticias del Mundo, del que Mar\u00edn tiene a gala ser miembro fundador.<\/p>\n\n\n\n<p>La obra sigue el d\u00eda a d\u00eda de un alcoh\u00f3lico cincuent\u00f3n en paro llamado V\u00edctor Vapor\u00fas que, por los motivos equivocados, acaba metido en una causa que no es la suya: ni la del periodismo, ni la de los franquistas que pretenden exhumar la momia de Francisco Franco y hace que cobre vida mediante la magia negra del cabalista Corintio Haz\u00e1. Este es un nombre al que las publicaciones del mundo del misterio, con el mismo rigor period\u00edstico que Noticias del Mundo pero con mucha menos gracia, llevan a\u00f1os sac\u00e1ndole partido, como presunto jud\u00edo sefardita que predijo que Francisco se convertir\u00eda en General\u00edsimo.<\/p>\n\n\n\n<p>Mar\u00edn lo ten\u00eda todo para armar una novela: poderes en la sombra, ocultismo, un dictador resurrectando, una periodista intr\u00e9pida y un excomercial atornillado a la barra de su bar de confianza. Lo \u00fanico que necesitaba era escribir r\u00e1pido antes de que la realidad superara a la ficci\u00f3n.<\/p>\n\n\n\n<p style=\"text-align:right\"><em><a href=\"https:\/\/www.eldiario.es\/cultura\/elites-ocultas-complot-resucitar-Franco_0_998101176.html\">Sigue leyendo en eldiario.es<\/a><\/em><\/p>\n","protected":false},"excerpt":{"rendered":"<p>Aitor Mar\u00edn es un periodista que ha pasado por medios tan importantes para el imaginario de varias generaciones como la revista Intervi\u00fa y Noticias del Mundo. Las potentes investigaciones de la cabecera de Grupo Zeta reciben un homenaje en las p\u00e1ginas de su novela Conspiraci\u00f3n verm\u00fa (Suma de Letras, 2020) pero el reportaje que intenta [&hellip;]<\/p>\n","protected":false},"author":1,"featured_media":2002003469,"comment_status":"closed","ping_status":"closed","sticky":false,"template":"","format":"standard","meta":{"footnotes":""},"categories":[],"tags":[],"class_list":["post-2002003468","post","type-post","status-publish","format-standard","has-post-thumbnail","hentry"],"_links":{"self":[{"href":"http:\/\/www.elenacabrera.com\/weblog3\/wp-json\/wp\/v2\/posts\/2002003468","targetHints":{"allow":["GET"]}}],"collection":[{"href":"http:\/\/www.elenacabrera.com\/weblog3\/wp-json\/wp\/v2\/posts"}],"about":[{"href":"http:\/\/www.elenacabrera.com\/weblog3\/wp-json\/wp\/v2\/types\/post"}],"author":[{"embeddable":true,"href":"http:\/\/www.elenacabrera.com\/weblog3\/wp-json\/wp\/v2\/users\/1"}],"replies":[{"embeddable":true,"href":"http:\/\/www.elenacabrera.com\/weblog3\/wp-json\/wp\/v2\/comments?post=2002003468"}],"version-history":[{"count":1,"href":"http:\/\/www.elenacabrera.com\/weblog3\/wp-json\/wp\/v2\/posts\/2002003468\/revisions"}],"predecessor-version":[{"id":2002003470,"href":"http:\/\/www.elenacabrera.com\/weblog3\/wp-json\/wp\/v2\/posts\/2002003468\/revisions\/2002003470"}],"wp:featuredmedia":[{"embeddable":true,"href":"http:\/\/www.elenacabrera.com\/weblog3\/wp-json\/wp\/v2\/media\/2002003469"}],"wp:attachment":[{"href":"http:\/\/www.elenacabrera.com\/weblog3\/wp-json\/wp\/v2\/media?parent=2002003468"}],"wp:term":[{"taxonomy":"category","embeddable":true,"href":"http:\/\/www.elenacabrera.com\/weblog3\/wp-json\/wp\/v2\/categories?post=2002003468"},{"taxonomy":"post_tag","embeddable":true,"href":"http:\/\/www.elenacabrera.com\/weblog3\/wp-json\/wp\/v2\/tags?post=2002003468"}],"curies":[{"name":"wp","href":"https:\/\/api.w.org\/{rel}","templated":true}]}}