{"id":2002003479,"date":"2020-07-21T12:18:57","date_gmt":"2020-07-21T10:18:57","guid":{"rendered":"http:\/\/www.elenacabrera.com\/weblog\/?p=2002003479"},"modified":"2020-10-18T13:32:11","modified_gmt":"2020-10-18T11:32:11","slug":"1-lo-que-necesita-la-gente-son-respuestas","status":"publish","type":"post","link":"http:\/\/www.elenacabrera.com\/weblog3\/2020\/07\/21\/1-lo-que-necesita-la-gente-son-respuestas\/","title":{"rendered":"1. Lo que necesita la gente son respuestas"},"content":{"rendered":"\n<p>En las tierras del interior, el sin\u00f3nimo m\u00e1s perfecto de la palabra verano es piscina. Es posible que la pregunta \u00ab\u00bfcu\u00e1ndo abren las piscinas?\u00bb sea una de las b\u00fasquedas m\u00e1s populares de internet en el mes de junio, incluso quiz\u00e1s en el de mayo. Yo, como oficina dispensadora de informaci\u00f3n que soy, es una de las que m\u00e1s me hacen. A la gente le gusta preguntarme cosas y, a m\u00ed, responderlas. A veces, no s\u00e9 ni lo que digo. Hace a\u00f1os, vagando de noche por Malasa\u00f1a con unos amigos, un coche se detuvo a nuestro lado y nos pregunt\u00f3 c\u00f3mo se iba a Badajoz. Nos miramos y uno de mis colegas se acerc\u00f3 y, con ademanes resueltos, m\u00e1s propios de los adultos que no \u00e9ramos del todo entonces, apoy\u00f3 las mu\u00f1ecas sobre el filo del cristal de la ventanilla del copiloto y comenz\u00f3 a dar indicaciones. El conductor se alej\u00f3 dando las gracias con la mano. Le preguntamos a nuestro amigo c\u00f3mo es que \u00e9l sab\u00eda ir desde all\u00ed a Badajoz. \u00abNo, si yo no s\u00e9 ir \u2014contest\u00f3 muy serio\u2014 pero la gente necesita respuestas\u00bb. Esta actitud me ha guiado toda mi vida pero no la recomiendo en absoluto.<\/p>\n\n\n\n<p class=\"has-background has-pale-pink-background-color\"><em><a rel=\"noreferrer noopener\" aria-label=\"Esto es solo el principio. Sigue leyendo haciendo clic en este enlace. Este art\u00edculo pertenece a la serie El verano del coronavirus, publicada en eldiario.es (abre en una nueva pesta\u00f1a)\" href=\"https:\/\/www.eldiario.es\/blog\/el-verano-del-coronavirus\/necesita-gente-son-respuestas_132_6113332.html\" target=\"_blank\">Esto es solo el principio. Sigue leyendo haciendo clic en este enlace. Este art\u00edculo pertenece a la serie El verano del coronavirus, publicada en eldiario.es<\/a><\/em><br><em>Todas las ilustraciones de la serie han sido realizadas por Isa Ibaibarriaga.<\/em><\/p>\n\n\n\n<p><em>riaga.<\/em><\/p>\n","protected":false},"excerpt":{"rendered":"<p>\u00abPobrecita, vamos a invitarla a nuestra piscina porque ella no tiene\u00bb. Y t\u00fa no puedes decir que no, porque luego te llaman rara y desagradecida a tus espaldas. Hay a quien le pasa lo contrario, que si no le invitan, tiene que conseguir que lo hagan <\/p>\n","protected":false},"author":1,"featured_media":2002003481,"comment_status":"closed","ping_status":"closed","sticky":false,"template":"","format":"standard","meta":{"footnotes":""},"categories":[],"tags":[],"class_list":["post-2002003479","post","type-post","status-publish","format-standard","has-post-thumbnail","hentry"],"_links":{"self":[{"href":"http:\/\/www.elenacabrera.com\/weblog3\/wp-json\/wp\/v2\/posts\/2002003479","targetHints":{"allow":["GET"]}}],"collection":[{"href":"http:\/\/www.elenacabrera.com\/weblog3\/wp-json\/wp\/v2\/posts"}],"about":[{"href":"http:\/\/www.elenacabrera.com\/weblog3\/wp-json\/wp\/v2\/types\/post"}],"author":[{"embeddable":true,"href":"http:\/\/www.elenacabrera.com\/weblog3\/wp-json\/wp\/v2\/users\/1"}],"replies":[{"embeddable":true,"href":"http:\/\/www.elenacabrera.com\/weblog3\/wp-json\/wp\/v2\/comments?post=2002003479"}],"version-history":[{"count":2,"href":"http:\/\/www.elenacabrera.com\/weblog3\/wp-json\/wp\/v2\/posts\/2002003479\/revisions"}],"predecessor-version":[{"id":2002003482,"href":"http:\/\/www.elenacabrera.com\/weblog3\/wp-json\/wp\/v2\/posts\/2002003479\/revisions\/2002003482"}],"wp:featuredmedia":[{"embeddable":true,"href":"http:\/\/www.elenacabrera.com\/weblog3\/wp-json\/wp\/v2\/media\/2002003481"}],"wp:attachment":[{"href":"http:\/\/www.elenacabrera.com\/weblog3\/wp-json\/wp\/v2\/media?parent=2002003479"}],"wp:term":[{"taxonomy":"category","embeddable":true,"href":"http:\/\/www.elenacabrera.com\/weblog3\/wp-json\/wp\/v2\/categories?post=2002003479"},{"taxonomy":"post_tag","embeddable":true,"href":"http:\/\/www.elenacabrera.com\/weblog3\/wp-json\/wp\/v2\/tags?post=2002003479"}],"curies":[{"name":"wp","href":"https:\/\/api.w.org\/{rel}","templated":true}]}}