{"id":2002003483,"date":"2020-07-23T12:32:07","date_gmt":"2020-07-23T10:32:07","guid":{"rendered":"http:\/\/www.elenacabrera.com\/weblog\/?p=2002003483"},"modified":"2020-10-18T13:32:02","modified_gmt":"2020-10-18T11:32:02","slug":"el-verano-de-las-peliculas-no-existe","status":"publish","type":"post","link":"http:\/\/www.elenacabrera.com\/weblog3\/2020\/07\/23\/el-verano-de-las-peliculas-no-existe\/","title":{"rendered":"2. El verano de las pel\u00edculas no existe"},"content":{"rendered":"\n<p>Dos pel\u00edculas recogen mis dos visiones m\u00e1s id\u00edlicas del verano. No es  que yo tuviera esas ideas en mi cabeza y acabara encontr\u00e1ndolas en el cine, sino m\u00e1s bien lo contrario, la ficci\u00f3n ha insertado en m\u00ed una memoria inventada y una proyecci\u00f3n inalcanzable. Una de ellas pertenece al verano de quedarse y, la otra, al de irse. Hace tiempo, TVE hab\u00eda entrado en uno de sus cl\u00e1sicos bucles reponiendo cada a\u00f1o por estas  fechas <em>Bajarse al moro,<\/em> la pel\u00edcula de Fernando Colomo en la que aparece un Madrid en el que los grupos de m\u00fasica ensayaban ruidosamente en las terrazas y las chicas que sab\u00edan mucho de la vida, beb\u00edan t\u00e9 y fumaban porros, pintaban dibujos en las paredes de sus  casas. Yo, arrastrada por mi familia a destinos de veraneo, estaba  segura de que el agosto madrile\u00f1o que se me ocultaba era una ciudad  t\u00f3rrida siempre al borde de la aventura.     <\/p>\n\n\n\n<p class=\"has-background has-pale-pink-background-color\"><em><a href=\"https:\/\/www.eldiario.es\/blog\/el-verano-del-coronavirus\/verano-peliculas-no-existe_132_6118512.html\" target=\"_blank\" rel=\"noreferrer noopener\" aria-label=\"Esto es solo el principio. Sigue leyendo haciendo clic en este enlace. Este art\u00edculo pertenece a la serie El verano del coronavirus, publicada en eldiario.es (abre en una nueva pesta\u00f1a)\">Esto es solo el principio. Sigue leyendo haciendo clic en este enlace. Este art\u00edculo pertenece a la serie El verano del coronavirus, publicada en eldiario.es<\/a><\/em><br><em>Todas las ilustraciones de la serie han sido realizadas por Isa Ibaibarriaga.<\/em><br><em>Lee la seria completa <a href=\"https:\/\/static.eldiario.es\/eldiario\/public\/file\/2020\/0720\/17\/cabecera-del-blog-el-verano-del-coronavirus-0907662.png\">aqu\u00ed<\/a>.<\/em><\/p>\n\n\n\n<p><\/p>\n","protected":false},"excerpt":{"rendered":"<p>La amnesia recurrente de todos los inviernos me hace olvidar que no soy yo la que da forma a los veranos, sino que estos me dan forma a m\u00ed. No hay voluntad ni determinaci\u00f3n en el verano (salvo en el cine): somos turistas estresados, veraneantes torpes, r\u00edgidos visitantes en sus manos <\/p>\n","protected":false},"author":1,"featured_media":2002003484,"comment_status":"closed","ping_status":"closed","sticky":false,"template":"","format":"standard","meta":{"footnotes":""},"categories":[],"tags":[],"class_list":["post-2002003483","post","type-post","status-publish","format-standard","has-post-thumbnail","hentry"],"_links":{"self":[{"href":"http:\/\/www.elenacabrera.com\/weblog3\/wp-json\/wp\/v2\/posts\/2002003483","targetHints":{"allow":["GET"]}}],"collection":[{"href":"http:\/\/www.elenacabrera.com\/weblog3\/wp-json\/wp\/v2\/posts"}],"about":[{"href":"http:\/\/www.elenacabrera.com\/weblog3\/wp-json\/wp\/v2\/types\/post"}],"author":[{"embeddable":true,"href":"http:\/\/www.elenacabrera.com\/weblog3\/wp-json\/wp\/v2\/users\/1"}],"replies":[{"embeddable":true,"href":"http:\/\/www.elenacabrera.com\/weblog3\/wp-json\/wp\/v2\/comments?post=2002003483"}],"version-history":[{"count":3,"href":"http:\/\/www.elenacabrera.com\/weblog3\/wp-json\/wp\/v2\/posts\/2002003483\/revisions"}],"predecessor-version":[{"id":2002003488,"href":"http:\/\/www.elenacabrera.com\/weblog3\/wp-json\/wp\/v2\/posts\/2002003483\/revisions\/2002003488"}],"wp:featuredmedia":[{"embeddable":true,"href":"http:\/\/www.elenacabrera.com\/weblog3\/wp-json\/wp\/v2\/media\/2002003484"}],"wp:attachment":[{"href":"http:\/\/www.elenacabrera.com\/weblog3\/wp-json\/wp\/v2\/media?parent=2002003483"}],"wp:term":[{"taxonomy":"category","embeddable":true,"href":"http:\/\/www.elenacabrera.com\/weblog3\/wp-json\/wp\/v2\/categories?post=2002003483"},{"taxonomy":"post_tag","embeddable":true,"href":"http:\/\/www.elenacabrera.com\/weblog3\/wp-json\/wp\/v2\/tags?post=2002003483"}],"curies":[{"name":"wp","href":"https:\/\/api.w.org\/{rel}","templated":true}]}}