{"id":2002003487,"date":"2020-07-26T12:35:51","date_gmt":"2020-07-26T10:35:51","guid":{"rendered":"http:\/\/www.elenacabrera.com\/weblog\/?p=2002003487"},"modified":"2020-10-18T13:31:57","modified_gmt":"2020-10-18T11:31:57","slug":"ancha-es-castilla","status":"publish","type":"post","link":"http:\/\/www.elenacabrera.com\/weblog3\/2020\/07\/26\/ancha-es-castilla\/","title":{"rendered":"3. Ancha es Castilla"},"content":{"rendered":"\n<p>Ten\u00edan acentos andaluces diferentes. Yo, que me considero una genia en la localizaci\u00f3n por el habla, apost\u00e9 a que la mujer era de C\u00e1diz y la ni\u00f1a, de Sevilla. Me hab\u00edan dado asiento en contra del sentido de la marcha, lo cual me proporcionaba una visi\u00f3n privilegiada de las caras de mis compa\u00f1eros de vag\u00f3n, en lugar de sus cogotes. Para los amantes de las conversaciones ajenas, esta situaci\u00f3n facilita las cosas. Cuando la mujer y la ni\u00f1a se dijeron la una a la otra de d\u00f3nde ven\u00edan, hac\u00eda un buen rato que hab\u00edamos dejado Madrid atr\u00e1s y la ciudad empezaba a ser un recuerdo pesado del que huir, a pesar de que yo viajara hacia el noroeste de espaldas, viendo pasar por la ventanilla el mundo al rev\u00e9s. <\/p>\n\n\n\n<p class=\"has-background has-pale-pink-background-color\"><em><a href=\"https:\/\/www.eldiario.es\/blog\/el-verano-del-coronavirus\/ancha-castilla_132_6126563.html\" target=\"_blank\" rel=\"noreferrer noopener\" aria-label=\" (abre en una nueva pesta\u00f1a)\">Esto es solo el principio. Sigue leyendo haciendo clic en este enlace. Este art\u00edculo pertenece a la serie El verano del coronavirus, publicada en eldiario.es<\/a><\/em><br><em>Todas las ilustraciones de la serie han sido realizadas por Isa Ibaibarriaga.<\/em><br><em>Lee la seria completa <a href=\"https:\/\/static.eldiario.es\/eldiario\/public\/file\/2020\/0720\/17\/cabecera-del-blog-el-verano-del-coronavirus-0907662.png\">aqu\u00ed<\/a>.<\/em><\/p>\n","protected":false},"excerpt":{"rendered":"<p>Lo de sobar peri\u00f3dicos colectivamente es un peligro. Pero si te paras a pensarlo, todo lo es <\/p>\n","protected":false},"author":1,"featured_media":2002003489,"comment_status":"closed","ping_status":"closed","sticky":false,"template":"","format":"standard","meta":{"footnotes":""},"categories":[],"tags":[],"class_list":["post-2002003487","post","type-post","status-publish","format-standard","has-post-thumbnail","hentry"],"_links":{"self":[{"href":"http:\/\/www.elenacabrera.com\/weblog3\/wp-json\/wp\/v2\/posts\/2002003487","targetHints":{"allow":["GET"]}}],"collection":[{"href":"http:\/\/www.elenacabrera.com\/weblog3\/wp-json\/wp\/v2\/posts"}],"about":[{"href":"http:\/\/www.elenacabrera.com\/weblog3\/wp-json\/wp\/v2\/types\/post"}],"author":[{"embeddable":true,"href":"http:\/\/www.elenacabrera.com\/weblog3\/wp-json\/wp\/v2\/users\/1"}],"replies":[{"embeddable":true,"href":"http:\/\/www.elenacabrera.com\/weblog3\/wp-json\/wp\/v2\/comments?post=2002003487"}],"version-history":[{"count":2,"href":"http:\/\/www.elenacabrera.com\/weblog3\/wp-json\/wp\/v2\/posts\/2002003487\/revisions"}],"predecessor-version":[{"id":2002003493,"href":"http:\/\/www.elenacabrera.com\/weblog3\/wp-json\/wp\/v2\/posts\/2002003487\/revisions\/2002003493"}],"wp:featuredmedia":[{"embeddable":true,"href":"http:\/\/www.elenacabrera.com\/weblog3\/wp-json\/wp\/v2\/media\/2002003489"}],"wp:attachment":[{"href":"http:\/\/www.elenacabrera.com\/weblog3\/wp-json\/wp\/v2\/media?parent=2002003487"}],"wp:term":[{"taxonomy":"category","embeddable":true,"href":"http:\/\/www.elenacabrera.com\/weblog3\/wp-json\/wp\/v2\/categories?post=2002003487"},{"taxonomy":"post_tag","embeddable":true,"href":"http:\/\/www.elenacabrera.com\/weblog3\/wp-json\/wp\/v2\/tags?post=2002003487"}],"curies":[{"name":"wp","href":"https:\/\/api.w.org\/{rel}","templated":true}]}}