{"id":2002003491,"date":"2020-07-28T12:39:56","date_gmt":"2020-07-28T10:39:56","guid":{"rendered":"http:\/\/www.elenacabrera.com\/weblog\/?p=2002003491"},"modified":"2020-10-18T13:31:52","modified_gmt":"2020-10-18T11:31:52","slug":"4-madrilenos-por-el-mundo","status":"publish","type":"post","link":"http:\/\/www.elenacabrera.com\/weblog3\/2020\/07\/28\/4-madrilenos-por-el-mundo\/","title":{"rendered":"4. Madrile\u00f1os por el mundo"},"content":{"rendered":"\n<p>No hay momento m\u00e1s apropiado que un verano, y adem\u00e1s no hay otro verano m\u00e1s acertado que este, para leer <em>Una gu\u00eda sobre el arte de perderse<\/em>\n de Rebecca Solnit. Yo misma lo estoy haciendo y s\u00e9 que no soy la \u00fanica.\n En la portada aparece una chica adentr\u00e1ndose en lo que aparenta ser un \ntrozo de papel rasgado. Est\u00e1 claro que esa grieta no lleva a ning\u00fan \nsitio pero a\u00fan as\u00ed se mete dentro de ella para desaparecer por un rato. \nHe ah\u00ed la esencia misma del veraneo.\n    <\/p>\n\n\n\n<p class=\"has-background has-pale-pink-background-color\"><em><a href=\"https:\/\/www.eldiario.es\/blog\/el-verano-del-coronavirus\/madrilenos-mundo_132_6129792.html\" target=\"_blank\" rel=\"noreferrer noopener\" aria-label=\"Esto es solo el principio. Sigue leyendo haciendo clic en este enlace. Este art\u00edculo pertenece a la serie El verano del coronavirus, publicada en eldiario.es (abre en una nueva pesta\u00f1a)\">Esto es solo el principio. Sigue leyendo haciendo clic en este enlace. Este art\u00edculo pertenece a la serie El verano del coronavirus, publicada en eldiario.es<\/a><\/em><br><em>Todas las ilustraciones de la serie han sido realizadas por Isa Ibaibarriaga.<\/em><br><em>Lee la seria completa <a href=\"https:\/\/static.eldiario.es\/eldiario\/public\/file\/2020\/0720\/17\/cabecera-del-blog-el-verano-del-coronavirus-0907662.png\">aqu\u00ed<\/a>.<\/em><\/p>\n","protected":false},"excerpt":{"rendered":"<p>De las brasas del Real Madrid y del bocata de calamares, surgi\u00f3 un nacionalismo madrile\u00f1o, improvisado y resentido, que se quejaba de que \u00abno nos quieren\u00bb. Hubo alg\u00fan madrile\u00f1o que propuso hacer boicot y record\u00f3 que Espa\u00f1a tiene mucha costa donde plantar la sombrilla <\/p>\n","protected":false},"author":1,"featured_media":2002003495,"comment_status":"closed","ping_status":"closed","sticky":false,"template":"","format":"standard","meta":{"footnotes":""},"categories":[],"tags":[],"class_list":["post-2002003491","post","type-post","status-publish","format-standard","has-post-thumbnail","hentry"],"_links":{"self":[{"href":"http:\/\/www.elenacabrera.com\/weblog3\/wp-json\/wp\/v2\/posts\/2002003491","targetHints":{"allow":["GET"]}}],"collection":[{"href":"http:\/\/www.elenacabrera.com\/weblog3\/wp-json\/wp\/v2\/posts"}],"about":[{"href":"http:\/\/www.elenacabrera.com\/weblog3\/wp-json\/wp\/v2\/types\/post"}],"author":[{"embeddable":true,"href":"http:\/\/www.elenacabrera.com\/weblog3\/wp-json\/wp\/v2\/users\/1"}],"replies":[{"embeddable":true,"href":"http:\/\/www.elenacabrera.com\/weblog3\/wp-json\/wp\/v2\/comments?post=2002003491"}],"version-history":[{"count":1,"href":"http:\/\/www.elenacabrera.com\/weblog3\/wp-json\/wp\/v2\/posts\/2002003491\/revisions"}],"predecessor-version":[{"id":2002003492,"href":"http:\/\/www.elenacabrera.com\/weblog3\/wp-json\/wp\/v2\/posts\/2002003491\/revisions\/2002003492"}],"wp:featuredmedia":[{"embeddable":true,"href":"http:\/\/www.elenacabrera.com\/weblog3\/wp-json\/wp\/v2\/media\/2002003495"}],"wp:attachment":[{"href":"http:\/\/www.elenacabrera.com\/weblog3\/wp-json\/wp\/v2\/media?parent=2002003491"}],"wp:term":[{"taxonomy":"category","embeddable":true,"href":"http:\/\/www.elenacabrera.com\/weblog3\/wp-json\/wp\/v2\/categories?post=2002003491"},{"taxonomy":"post_tag","embeddable":true,"href":"http:\/\/www.elenacabrera.com\/weblog3\/wp-json\/wp\/v2\/tags?post=2002003491"}],"curies":[{"name":"wp","href":"https:\/\/api.w.org\/{rel}","templated":true}]}}