{"id":2002003494,"date":"2020-07-30T12:44:57","date_gmt":"2020-07-30T10:44:57","guid":{"rendered":"http:\/\/www.elenacabrera.com\/weblog\/?p=2002003494"},"modified":"2020-10-18T13:31:47","modified_gmt":"2020-10-18T11:31:47","slug":"5-topless-con-mascarilla","status":"publish","type":"post","link":"http:\/\/www.elenacabrera.com\/weblog3\/2020\/07\/30\/5-topless-con-mascarilla\/","title":{"rendered":"5. Topless con mascarilla"},"content":{"rendered":"\n<p>No era mi intenci\u00f3n ponerme a contar cu\u00e1ntas mujeres hab\u00eda en la playa haciendo topless, pero al final me vi obligada a hacerlo. Una, dos, tres, cuatro\u2026 lo hac\u00eda se\u00f1alando sutilmente con el dedo o con la barbilla, hasta que mi hija me rog\u00f3 que parase. <\/p>\n\n\n\n<p>La verdad es que, en una estad\u00edstica a ojo, \u00e9ramos menos del 48% que afirm\u00f3 un informe del Ifop, una empresa francesa de estudios de opini\u00f3n, que lo hac\u00edamos en Espa\u00f1a el a\u00f1o pasado. Seg\u00fan las encuestas realizadas a las espa\u00f1olas, solo un uno por ciento ha decidido volver a abrocharse la parte de arriba, respecto al mismo cuestionario realizado en 2016. En cambio, en el resto de pa\u00edses europeos sondeados, el descenso de se\u00f1oras en topless est\u00e1 entre los cinco y los siete puntos. Cuando preguntaron a las mujeres francesas por qu\u00e9 hab\u00edan dejado de hacerlo, la respuesta variaba seg\u00fan la edad. Las mayores, principalmente, por el riesgo de exposici\u00f3n de la piel al sol. Teniendo en cuenta que los bikinis son la prenda m\u00e1s cara que existe en relaci\u00f3n a los cent\u00edmetros cuadrados que cubre, no deja de ser chocante. En cambio, para las j\u00f3venes menores de 25, la raz\u00f3n principal ha sido las miradas de los hombres. La segunda, el miedo a ser objeto de una agresi\u00f3n sexual, f\u00edsica o verbal. La tercera, el temor a recibir cr\u00edticas negativas sobre su propio cuerpo. Al ir a mirar cu\u00e1l es el segundo motivo para la mujeres mayores de 25, nos volvemos a tropezar con el miedo a las miradas de los hombres. Es decir, que al final no es que ellas no quisieran quitarse la parte de arriba, sino que ten\u00edan miedo de hacerlo. <\/p>\n\n\n\n<p class=\"has-background has-pale-pink-background-color\"><em><a href=\"https:\/\/www.eldiario.es\/blog\/el-verano-del-coronavirus\/topless-mascarilla_132_6135499.html\" target=\"_blank\" rel=\"noreferrer noopener\" aria-label=\"Esto es solo el principio. Sigue leyendo haciendo clic en este enlace. Este art\u00edculo pertenece a la serie El verano del coronavirus, publicada en eldiario.es (abre en una nueva pesta\u00f1a)\">Esto es solo el principio. Sigue leyendo haciendo clic en este enlace. Este art\u00edculo pertenece a la serie El verano del coronavirus, publicada en eldiario.es<\/a><\/em><br><em>Todas las ilustraciones de la serie han sido realizadas por Isa Ibaibarriaga.<\/em><br><em>Lee la seria completa <a href=\"https:\/\/static.eldiario.es\/eldiario\/public\/file\/2020\/0720\/17\/cabecera-del-blog-el-verano-del-coronavirus-0907662.png\">aqu\u00ed<\/a>.<\/em><\/p>\n","protected":false},"excerpt":{"rendered":"<p>Ya me da todo igual. Si me miran o no. Si tengo lorzas. Si no me gusta mi cuerpo. Si mi familia se incomoda. Por encima de todo, he dicho, est\u00e1n mis principios: que me quede la marca de las tiras del bikini es lo peor del verano <\/p>\n","protected":false},"author":1,"featured_media":2002003496,"comment_status":"closed","ping_status":"closed","sticky":false,"template":"","format":"standard","meta":{"footnotes":""},"categories":[],"tags":[],"class_list":["post-2002003494","post","type-post","status-publish","format-standard","has-post-thumbnail","hentry"],"_links":{"self":[{"href":"http:\/\/www.elenacabrera.com\/weblog3\/wp-json\/wp\/v2\/posts\/2002003494","targetHints":{"allow":["GET"]}}],"collection":[{"href":"http:\/\/www.elenacabrera.com\/weblog3\/wp-json\/wp\/v2\/posts"}],"about":[{"href":"http:\/\/www.elenacabrera.com\/weblog3\/wp-json\/wp\/v2\/types\/post"}],"author":[{"embeddable":true,"href":"http:\/\/www.elenacabrera.com\/weblog3\/wp-json\/wp\/v2\/users\/1"}],"replies":[{"embeddable":true,"href":"http:\/\/www.elenacabrera.com\/weblog3\/wp-json\/wp\/v2\/comments?post=2002003494"}],"version-history":[{"count":1,"href":"http:\/\/www.elenacabrera.com\/weblog3\/wp-json\/wp\/v2\/posts\/2002003494\/revisions"}],"predecessor-version":[{"id":2002003497,"href":"http:\/\/www.elenacabrera.com\/weblog3\/wp-json\/wp\/v2\/posts\/2002003494\/revisions\/2002003497"}],"wp:featuredmedia":[{"embeddable":true,"href":"http:\/\/www.elenacabrera.com\/weblog3\/wp-json\/wp\/v2\/media\/2002003496"}],"wp:attachment":[{"href":"http:\/\/www.elenacabrera.com\/weblog3\/wp-json\/wp\/v2\/media?parent=2002003494"}],"wp:term":[{"taxonomy":"category","embeddable":true,"href":"http:\/\/www.elenacabrera.com\/weblog3\/wp-json\/wp\/v2\/categories?post=2002003494"},{"taxonomy":"post_tag","embeddable":true,"href":"http:\/\/www.elenacabrera.com\/weblog3\/wp-json\/wp\/v2\/tags?post=2002003494"}],"curies":[{"name":"wp","href":"https:\/\/api.w.org\/{rel}","templated":true}]}}