{"id":2002003498,"date":"2020-08-01T12:45:19","date_gmt":"2020-08-01T10:45:19","guid":{"rendered":"http:\/\/www.elenacabrera.com\/weblog\/?p=2002003498"},"modified":"2020-10-18T13:31:41","modified_gmt":"2020-10-18T11:31:41","slug":"6-de-la-tortura-como-una-de-las-bellas-artes","status":"publish","type":"post","link":"http:\/\/www.elenacabrera.com\/weblog3\/2020\/08\/01\/6-de-la-tortura-como-una-de-las-bellas-artes\/","title":{"rendered":"6. De la tortura como una de las bellas artes"},"content":{"rendered":"\n<p>Una playista profesional, en el verano del coronavirus, mirar\u00eda la app de ocupaci\u00f3n de playas antes de salir de casa. Yo, que no soy m\u00e1s que una amateur, paso de hacerlo. Por tanto, de nada sirve lamentarse ante el sem\u00e1foro rojo que impide la entrada por abarrotamiento. <\/p>\n\n\n\n<p>Cada ayuntamiento ha inventado para sus playas un m\u00e9todo diferente. Hay  quien ha preferido parcelarlas, como si fueran campings, contratando  personal para ejercer de acomodadores: llegan las familias y, seg\u00fan lo  numerosas que sean y la edad media de sus componentes, te llevan a un  sitio o a otro. Le\u00ed que en algunas playas a punto estuvieron de instalar  un sistema de cita previa, como ya existe para visitar la espectacular Praia das Catedrais, a la que habr\u00eda que acudir con un c\u00f3digo QR. (Es curioso como el QR, al cual hab\u00edamos dado por muerto tanto como el l\u00e1ser disc o la pulsera rayma, se ha convertido en el personaje antagonista del coronavirus). No puede haber algo m\u00e1s desalentador, anticlim\u00e1tico y cortarrollos que pedir cita previa para ir a la playa. En otros sitios la playa es un valor seguro pero, en el norte, uno mira al cielo y dice: \u00abvenga, vamos\u00bb, y tienes que bajar ya porque lo mismo en dos horas se nubla o arremete un viento atl\u00e1ntico que lo hace desapacible, o te llega el <em>nord\u00e9s<\/em> y te lo llena todo de niebla.     <\/p>\n\n\n\n<p class=\"has-background has-pale-pink-background-color\"><em><a href=\"https:\/\/www.eldiario.es\/blog\/el-verano-del-coronavirus\/tortura-bellas-artes_132_6142300.html\" target=\"_blank\" rel=\"noreferrer noopener\" aria-label=\"Esto es solo el principio. Sigue leyendo haciendo clic en este enlace. Este art\u00edculo pertenece a la serie El verano del coronavirus, publicada en eldiario.es (abre en una nueva pesta\u00f1a)\">Esto es solo el principio. Sigue leyendo haciendo clic en este enlace. Este art\u00edculo pertenece a la serie El verano del coronavirus, publicada en eldiario.es<\/a><\/em><br><em>Todas las ilustraciones de la serie han sido realizadas por Isa Ibaibarriaga.<\/em><br><em>Lee la seria completa <a href=\"https:\/\/static.eldiario.es\/eldiario\/public\/file\/2020\/0720\/17\/cabecera-del-blog-el-verano-del-coronavirus-0907662.png\">aqu\u00ed<\/a>.<\/em><\/p>\n","protected":false},"excerpt":{"rendered":"<p>Como habitante de interior que soy, llevaba un a\u00f1o so\u00f1ando con el momento en el que estirar\u00eda con delicadeza mi toalla sobre la arena y,para ir apaciguando toda la tensi\u00f3n acumulada en estos meses&#8230; En cambio, mi primer d\u00eda de playa fue un infierno. <\/p>\n","protected":false},"author":1,"featured_media":2002003499,"comment_status":"closed","ping_status":"closed","sticky":false,"template":"","format":"standard","meta":{"footnotes":""},"categories":[],"tags":[],"class_list":["post-2002003498","post","type-post","status-publish","format-standard","has-post-thumbnail","hentry"],"_links":{"self":[{"href":"http:\/\/www.elenacabrera.com\/weblog3\/wp-json\/wp\/v2\/posts\/2002003498","targetHints":{"allow":["GET"]}}],"collection":[{"href":"http:\/\/www.elenacabrera.com\/weblog3\/wp-json\/wp\/v2\/posts"}],"about":[{"href":"http:\/\/www.elenacabrera.com\/weblog3\/wp-json\/wp\/v2\/types\/post"}],"author":[{"embeddable":true,"href":"http:\/\/www.elenacabrera.com\/weblog3\/wp-json\/wp\/v2\/users\/1"}],"replies":[{"embeddable":true,"href":"http:\/\/www.elenacabrera.com\/weblog3\/wp-json\/wp\/v2\/comments?post=2002003498"}],"version-history":[{"count":1,"href":"http:\/\/www.elenacabrera.com\/weblog3\/wp-json\/wp\/v2\/posts\/2002003498\/revisions"}],"predecessor-version":[{"id":2002003500,"href":"http:\/\/www.elenacabrera.com\/weblog3\/wp-json\/wp\/v2\/posts\/2002003498\/revisions\/2002003500"}],"wp:featuredmedia":[{"embeddable":true,"href":"http:\/\/www.elenacabrera.com\/weblog3\/wp-json\/wp\/v2\/media\/2002003499"}],"wp:attachment":[{"href":"http:\/\/www.elenacabrera.com\/weblog3\/wp-json\/wp\/v2\/media?parent=2002003498"}],"wp:term":[{"taxonomy":"category","embeddable":true,"href":"http:\/\/www.elenacabrera.com\/weblog3\/wp-json\/wp\/v2\/categories?post=2002003498"},{"taxonomy":"post_tag","embeddable":true,"href":"http:\/\/www.elenacabrera.com\/weblog3\/wp-json\/wp\/v2\/tags?post=2002003498"}],"curies":[{"name":"wp","href":"https:\/\/api.w.org\/{rel}","templated":true}]}}