{"id":2002003504,"date":"2020-08-03T18:37:00","date_gmt":"2020-08-03T16:37:00","guid":{"rendered":"http:\/\/www.elenacabrera.com\/weblog\/?p=2002003504"},"modified":"2020-10-18T13:31:35","modified_gmt":"2020-10-18T11:31:35","slug":"7-la-cara-oculta-de-la-playa","status":"publish","type":"post","link":"http:\/\/www.elenacabrera.com\/weblog3\/2020\/08\/03\/7-la-cara-oculta-de-la-playa\/","title":{"rendered":"7. La cara oculta de la playa"},"content":{"rendered":"\n<p>Da pereza levantarse pronto un domingo despu\u00e9s de un s\u00e1bado  salvaje. Da pereza quitarse las lentillas, cambiarse el tamp\u00f3n en mitad de una siesta, empezar una serie de 9 temporadas, estudiar el primer d\u00eda de curso y leerse el reglamento antes de jugar. Pero nada da m\u00e1s pereza en la vida que levantar el campamento tras un d\u00eda de playa. Odio  desclavar la sombrilla. Odio sacudir la toalla. Odio arrastrar mis  piernas sucias de arena y sal hacia la salida. Odio esperar la cola de  la ducha, intentando evitar los r\u00edos de barro. Odio mancharme los pies  de nuevo despu\u00e9s de haberlos limpiado. Odio el picor del cuerpo y saber  que no me podr\u00e9 dar un ba\u00f1o con jab\u00f3n hasta qui\u00e9n sabe cu\u00e1ndo, porque  tambi\u00e9n habr\u00e1 que esperar la cola de la ducha de casa.     <\/p>\n\n\n\n<p>A las gentes de secano no deja de fascinarnos ese tipo o tipa  particular que es el solitario de playa. Para los de fuera, vacaciones y  playa son dos conceptos que van de la mano. Pero los aut\u00f3ctonos integran de manera natural el mar en su rutina diaria, al igual que  toman el caf\u00e9 en el bar, toman el sol en la arena a la salida del  trabajo. Los ves venir bien vestidos, cargados con una peque\u00f1a mochila. Se quitan la ropa de calle y debajo aparece la llamativa licra del ba\u00f1ador, preparados para la acci\u00f3n, como Superm\u00e1n. Doblan con cuidado  sus prendas y las meten en la mochila. Si tienen zapatitos, los dejan al lado, con un arte refinado para evitar que les entre arena que los  dem\u00e1s no adquiriremos jam\u00e1s. Extienden una toalla fina y nueva (ni la de  Benidorm, ni la de Snoopy, ni la del Xacobeo 93) y pasan all\u00ed un par de  horas deliciosas hasta su pr\u00f3ximo compromiso.     <\/p>\n\n\n\n<p>Y luego, estamos los dem\u00e1s. Los que llevamos a la playa solo lo  imprescindible: la sombrilla, el cacharro para clavarla en la arena, la  silla, la esterilla, la toalla, la nevera, la bolsa con los cubos, las palas, los rastrillos, los moldes para hacer tortugas de arena, las raquetas, la pelota, la comida, la bebida (una de agua, dos refrescos, dos cervezas), los hielos para enfriar la bebida, un bote de crema, un segundo bote de crema (por si acaso), una crema para la cara, toallitas para limpiarse, gel hidroalcoh\u00f3lico, espray hidratante para el cabello,  un cepillo y unas gomas, unas pinzas depilatorias, tres juegos (el <em>Palabrea,<\/em> el <em>Jungle Speed<\/em> y el <em>Virus<\/em>, este \u00faltimo es muy importante), un libro, otro libro (por si acaso), un sombrero, un ba\u00f1ador de repuesto, la mascarilla, el m\u00f3vil, los cascos, un cargador solar para el m\u00f3vil, un billete de cinco euros (para los helados) \u00a1y una libreta y un boli para apuntar las cosas que suceden en la playa para luego escribir un  art\u00edculo sobre ello! Y seguro que me dejo algo.     <\/p>\n\n\n\n<p class=\"has-background has-pale-pink-background-color\"><em>Esto es solo el principio. <a href=\"https:\/\/www.eldiario.es\/blog\/el-verano-del-coronavirus\/cara-oculta-playa_132_6145767.html\" target=\"_blank\" rel=\"noreferrer noopener\" aria-label=\"Sigue leyendo haciendo clic en este enlace. Este  art\u00edculo pertenece a la serie El verano del coronavirus, publicada en  eldiario.es (abre en una nueva pesta\u00f1a)\">Sigue leyendo haciendo clic en este enlace. Este  art\u00edculo pertenece a la serie El verano del coronavirus, publicada en  eldiario.es<\/a><\/em><br><em>Todas las ilustraciones de la serie han sido realizadas por Isa Ibaibarriaga.<\/em><br><em>Lee la seria completa <a href=\"https:\/\/static.eldiario.es\/eldiario\/public\/file\/2020\/0720\/17\/cabecera-del-blog-el-verano-del-coronavirus-0907662.png\">aqu\u00ed<\/a>.<\/em><\/p>\n","protected":false},"excerpt":{"rendered":"<p>Da pereza levantarse pronto un domingo despu\u00e9s de un s\u00e1bado salvaje. Da pereza quitarse las lentillas, cambiarse el tamp\u00f3n en mitad de una siesta, empezar una serie de 9 temporadas, estudiar el primer d\u00eda de curso y leerse el reglamento antes de jugar. Pero nada da m\u00e1s pereza en la vida que levantar el campamento [&hellip;]<\/p>\n","protected":false},"author":1,"featured_media":2002003505,"comment_status":"closed","ping_status":"closed","sticky":false,"template":"","format":"standard","meta":{"footnotes":""},"categories":[],"tags":[],"class_list":["post-2002003504","post","type-post","status-publish","format-standard","has-post-thumbnail","hentry"],"_links":{"self":[{"href":"http:\/\/www.elenacabrera.com\/weblog3\/wp-json\/wp\/v2\/posts\/2002003504","targetHints":{"allow":["GET"]}}],"collection":[{"href":"http:\/\/www.elenacabrera.com\/weblog3\/wp-json\/wp\/v2\/posts"}],"about":[{"href":"http:\/\/www.elenacabrera.com\/weblog3\/wp-json\/wp\/v2\/types\/post"}],"author":[{"embeddable":true,"href":"http:\/\/www.elenacabrera.com\/weblog3\/wp-json\/wp\/v2\/users\/1"}],"replies":[{"embeddable":true,"href":"http:\/\/www.elenacabrera.com\/weblog3\/wp-json\/wp\/v2\/comments?post=2002003504"}],"version-history":[{"count":3,"href":"http:\/\/www.elenacabrera.com\/weblog3\/wp-json\/wp\/v2\/posts\/2002003504\/revisions"}],"predecessor-version":[{"id":2002003508,"href":"http:\/\/www.elenacabrera.com\/weblog3\/wp-json\/wp\/v2\/posts\/2002003504\/revisions\/2002003508"}],"wp:featuredmedia":[{"embeddable":true,"href":"http:\/\/www.elenacabrera.com\/weblog3\/wp-json\/wp\/v2\/media\/2002003505"}],"wp:attachment":[{"href":"http:\/\/www.elenacabrera.com\/weblog3\/wp-json\/wp\/v2\/media?parent=2002003504"}],"wp:term":[{"taxonomy":"category","embeddable":true,"href":"http:\/\/www.elenacabrera.com\/weblog3\/wp-json\/wp\/v2\/categories?post=2002003504"},{"taxonomy":"post_tag","embeddable":true,"href":"http:\/\/www.elenacabrera.com\/weblog3\/wp-json\/wp\/v2\/tags?post=2002003504"}],"curies":[{"name":"wp","href":"https:\/\/api.w.org\/{rel}","templated":true}]}}