{"id":2002003509,"date":"2020-08-05T19:04:45","date_gmt":"2020-08-05T17:04:45","guid":{"rendered":"http:\/\/www.elenacabrera.com\/weblog\/?p=2002003509"},"modified":"2020-10-18T13:31:30","modified_gmt":"2020-10-18T11:31:30","slug":"8-el-miedo-de-la-gente","status":"publish","type":"post","link":"http:\/\/www.elenacabrera.com\/weblog3\/2020\/08\/05\/8-el-miedo-de-la-gente\/","title":{"rendered":"8. El miedo de la gente"},"content":{"rendered":"\n<p>Siempre me ha resultado dif\u00edcil dosificar el grado de  afectividad f\u00edsica de los reencuentros. \u00bfUn abrazo ser\u00e1 sobreactuado?  \u00bfSe besa antes o despu\u00e9s de abrazar? \u00bfDos besos expresan lo suficiente?  \u00bfUno solo es m\u00e1s cari\u00f1oso o menos? \u00bfSabr\u00e9 poner la mano sobre su hombro  de manera natural? \u00bfQueda pervertido acariciar la mejilla? \u00bfAgarrar la  barbilla es de viejas? \u00bfSe entender\u00e1 el cari\u00f1o si le toco la punta de la  nariz con el dedo \u00edndice? Lo mejor del coronavirus es que todas estas  preocupaciones dejan de generar angustia: no tienes que hacer nada, te  quedas a un metro de distancia y dices \u00ab\u00a1hola!\u00bb. Sonr\u00edes, claro, lo cual  es una idiotez porque la mascarilla te tapa la boca, pero se te achican  los ojos en un pozo de arrugas y conf\u00edas en que eso cuente como un  grado de afectividad bastante superior.     <\/p>\n\n\n\n<p>Cuando vuelves por vacaciones a tu pueblo, a tu ciudad de origen  o a tu epicentro familiar, cuna de tus leyendas y fantasmas, hay muchos  reencuentros con los que cumplir. De los abuelos a los panaderos, todos  tienen algo que decirte: si has engordado o no, si has aprobado todo,  si te han hecho fija en tu trabajo, si no es verdad que aqu\u00ed se est\u00e1  mejor que en el sitio en el que vives, que no te vuelvas en septiembre,  mujer. La novedad de este a\u00f1o es que, en la comparativa, r\u00e1pidamente se  introduce el factor qu\u00e9 lugar es mejor para confinarse. \u00abAy, nena, para  quedarse en casa todo el d\u00eda mejor aqu\u00ed en el norte que estamos  fresquitos\u00bb, por ejemplo. Este argumento es demoledor. Pero luego viene  la pregunta inevitable: \u00bfY Madrid&#8230;?. No se atreven a decir m\u00e1s  palabras, hay un ligero temblor en la frase y un miedo que recorre los  puntos suspensivos. Sabes qu\u00e9 es lo que quieren saber, lo que buscan  atestiguar. En la distancia han construido un relato terrible del paso  de la COVID-19 por la capital. Tanto que pronuncian el nombre como si lo  cogieran con guantes, para no contagiarse. Por tanto, les doy lo que  piden. Les cuento el impacto de ver pasar por tu calle una tanqueta del  Ej\u00e9rcito con altavoces a todo trapo pidiendo (o m\u00e1s bien ordenando) que  nos qued\u00e1ramos en casa. De los coches f\u00fanebres de aqu\u00ed para all\u00e1. Les  hablo de la polic\u00eda en todas partes, de los controles, las ambulancias y  los helic\u00f3pteros, todos esos sonidos de la emergencia que en las  ciudades peque\u00f1as solo escuchas de manera excepcional pero que en Madrid  forman parte natural del paisaje sonoro; una m\u00fasica incidental que ha  dejado de ser inquietante, inserta en el resto del elevado ruido de la  ciudad, hasta el d\u00eda en el que se pararon las obras, el tr\u00e1fico, los  aviones, la ch\u00e1chara de las terrazas y el griter\u00edo de los parques, y  solo qued\u00f3 el sonido de la emergencia.     <\/p>\n\n\n\n<p>Llego a la conclusi\u00f3n de que hay m\u00e1s miedo en la distancia que  en el fragor de la batalla contra el virus. Repaso las conversaciones de  mis reencuentros de verano y me doy cuenta de que lo he hecho fatal. He  echado m\u00e1s le\u00f1a a su miedo y no les he hablado de todo lo dem\u00e1s: de lo  bonito y lo cursi. De las fiestas entre balcones, de las calles  decoradas, de las tartas y los t\u00e1pers que nos pas\u00e1bamos, de las conversaciones por las ventanas, de los amigos de aplausos, de las despensas solidarias y el reparto de alimentos por el barrio, de la peque\u00f1a librer\u00eda que sigui\u00f3 llevando pedidos a domicilio en bicicleta,  de los que bajaban la basura o hac\u00edan recados a los vecinos que no  pod\u00edan o no quer\u00edan salir. S\u00e9 que esas cosas les parecen raras y  arriesgadas, que no encajan en el relato apocal\u00edptico que han construido  desde fuera.     <\/p>\n\n\n\n<p class=\"has-pale-pink-background-color has-background\"><em>Esto es solo el principio. <a href=\"https:\/\/www.eldiario.es\/blog\/el-verano-del-coronavirus\/miedo-gente_132_6149591.html\">Sigue leyendo haciendo clic en este enlace. Este  art\u00edculo pertenece a la serie El verano del coronavirus, publicada en  eldiario.es<\/a><\/em><br><em>Todas las ilustraciones de la serie han sido realizadas por Isa Ibaibarriaga.<\/em><br><em>Lee la seria completa <a href=\"https:\/\/static.eldiario.es\/eldiario\/public\/file\/2020\/0720\/17\/cabecera-del-blog-el-verano-del-coronavirus-0907662.png\">aqu\u00ed<\/a>.<\/em><\/p>\n","protected":false},"excerpt":{"rendered":"<p>Repaso las conversaciones de mis reencuentros de verano y me doy cuenta de que lo he hecho fatal. He echado m\u00e1s le\u00f1a a su miedo y no les he hablado de todo lo dem\u00e1s: de lo bonito y lo cursi <\/p>\n","protected":false},"author":1,"featured_media":2002003510,"comment_status":"closed","ping_status":"closed","sticky":false,"template":"","format":"standard","meta":{"footnotes":""},"categories":[],"tags":[],"class_list":["post-2002003509","post","type-post","status-publish","format-standard","has-post-thumbnail","hentry"],"_links":{"self":[{"href":"http:\/\/www.elenacabrera.com\/weblog3\/wp-json\/wp\/v2\/posts\/2002003509","targetHints":{"allow":["GET"]}}],"collection":[{"href":"http:\/\/www.elenacabrera.com\/weblog3\/wp-json\/wp\/v2\/posts"}],"about":[{"href":"http:\/\/www.elenacabrera.com\/weblog3\/wp-json\/wp\/v2\/types\/post"}],"author":[{"embeddable":true,"href":"http:\/\/www.elenacabrera.com\/weblog3\/wp-json\/wp\/v2\/users\/1"}],"replies":[{"embeddable":true,"href":"http:\/\/www.elenacabrera.com\/weblog3\/wp-json\/wp\/v2\/comments?post=2002003509"}],"version-history":[{"count":3,"href":"http:\/\/www.elenacabrera.com\/weblog3\/wp-json\/wp\/v2\/posts\/2002003509\/revisions"}],"predecessor-version":[{"id":2002003563,"href":"http:\/\/www.elenacabrera.com\/weblog3\/wp-json\/wp\/v2\/posts\/2002003509\/revisions\/2002003563"}],"wp:featuredmedia":[{"embeddable":true,"href":"http:\/\/www.elenacabrera.com\/weblog3\/wp-json\/wp\/v2\/media\/2002003510"}],"wp:attachment":[{"href":"http:\/\/www.elenacabrera.com\/weblog3\/wp-json\/wp\/v2\/media?parent=2002003509"}],"wp:term":[{"taxonomy":"category","embeddable":true,"href":"http:\/\/www.elenacabrera.com\/weblog3\/wp-json\/wp\/v2\/categories?post=2002003509"},{"taxonomy":"post_tag","embeddable":true,"href":"http:\/\/www.elenacabrera.com\/weblog3\/wp-json\/wp\/v2\/tags?post=2002003509"}],"curies":[{"name":"wp","href":"https:\/\/api.w.org\/{rel}","templated":true}]}}