{"id":2002003517,"date":"2020-08-10T17:05:38","date_gmt":"2020-08-10T15:05:38","guid":{"rendered":"http:\/\/www.elenacabrera.com\/weblog\/?p=2002003517"},"modified":"2020-10-18T13:31:09","modified_gmt":"2020-10-18T11:31:09","slug":"10-preparada-para-el-chasco","status":"publish","type":"post","link":"http:\/\/www.elenacabrera.com\/weblog3\/2020\/08\/10\/10-preparada-para-el-chasco\/","title":{"rendered":"10. Preparada para el chasco"},"content":{"rendered":"\n<p>En el verano del coronavirus hay que estar preparados para lo  imprevisible. Que nada te pille por sorpresa. Recuerdo, en los  todopoderosos veranos de mi infancia, a mi t\u00eda abriendo La Voz de  Galicia por la p\u00e1gina de esquelas y, prepar\u00e1ndose para leer, ajustando  el papel a la anchura de sus brazos y la distancia a su capacidad de  enfoque, decir en voz alta: <em>\u00abQuen morreu hoxe?\u00bb<\/em>. Pasaba las tres o cuatro p\u00e1ginas de muertos con indiferencia y elegancia, hasta que  aparec\u00eda un nombre que le llamaba la atenci\u00f3n, si es que era el caso. Entonces le daba un codazo a su marido y le anunciaba que fulanito <em>morreu<\/em>. A partir de ah\u00ed se desencadenaba una serie de explicaciones sobre qui\u00e9n era la persona, cu\u00e1l hab\u00eda sido su relaci\u00f3n con ella y cualquier otro detalle que conociera sobre su vida. Sin tragedias, solo a modo de informaci\u00f3n. Despu\u00e9s continuaba leyendo por si hubiera alguno m\u00e1s y, ya  si acaso, echaba una ojeada al resto de p\u00e1ginas del peri\u00f3dico. Y si  acaso hab\u00eda que ir al funeral, se iba.     <\/p>\n\n\n\n<p>Todo esto lo cuento, adem\u00e1s de por el placer de hacerlo, por la  envidiable actitud de mi t\u00eda ante los acontecimientos inesperados -ya lo  he dicho: indiferente y elegante-, sin aspavientos ni protestas  airadas. Lo que viene, viene. Esta actitud yo no s\u00e9 si es una cosa de ella o gallega en general, aunque tambi\u00e9n la he visto en muchos habitantes insulares. Veo claro que ante el coronavirus hay dos actitudes: la de mi t\u00eda y la de todos los dem\u00e1s. Yo soy de la de los  otros, pues nada deja de sorprenderme. Por eso, cuando el pasado viernes  por la noche llegu\u00e9 al lugar en el que se celebraba el concierto de  Tri\u00e1ngulo de Amor Bizarro y vi que all\u00ed no hab\u00eda nada ni nadie, pens\u00e9  que me hab\u00eda equivocado de sitio, de d\u00eda o de hora, en lugar de  contemplar la posibilidad de que los rebrotes lo hubieran cancelado.     <\/p>\n\n\n\n<p>El concierto se iba a celebrar con aforo reducido y entradas gratuitas repartidas con anterioridad, sillas separadas y al aire libre en la plaza principal de A Coru\u00f1a, como parte de una encogida versi\u00f3n de  sus fiestas grandes. El ayuntamiento decidi\u00f3 cancelarlo al mediod\u00eda pero yo no me enter\u00e9, pues me pill\u00f3 durmiendo la siesta, la cual enlac\u00e9 con un cine y luego solo mir\u00e9 el m\u00f3vil para saber la hora. Lo t\u00edpico de un viernes de verano. Cuando llegu\u00e9 all\u00ed, me tuvo que informar el vigilante de que la ciudad pasaba a un estadio similar a la fase 2 de la desescalada. Este retroceso no lo vi venir y me est\u00e1 costando  asimilarlo.     <\/p>\n\n\n\n<p class=\"has-background has-pale-pink-background-color\"><em>Esto es solo el principio. <a href=\"https:\/\/www.eldiario.es\/blog\/el-verano-del-coronavirus\/preparada-chasco_132_6157304.html\" target=\"_blank\" rel=\"noreferrer noopener\" aria-label=\"Sigue leyendo haciendo clic en este enlace (abre en una nueva pesta\u00f1a)\">Sigue leyendo haciendo clic en este enlace<\/a>. Este  art\u00edculo pertenece a la  serie El verano del coronavirus, publicada en  eldiario.es<\/em><br><em>Todas las ilustraciones de la serie han sido realizadas por Isa Ibaibarriaga.<\/em><br><em>Lee la seria completa <a href=\"https:\/\/static.eldiario.es\/eldiario\/public\/file\/2020\/0720\/17\/cabecera-del-blog-el-verano-del-coronavirus-0907662.png\">aqu\u00ed<\/a>.<\/em><\/p>\n","protected":false},"excerpt":{"rendered":"<p>Este verano pide eso, no dar nada por seguro, tener la maleta siempre medio lista por si hay que volverse ma\u00f1ana, guardar una buena despensa y mascarillas de repuesto, no agarrarse a nada ni a nadie con mucha fuerza<\/p>\n","protected":false},"author":1,"featured_media":2002003519,"comment_status":"closed","ping_status":"closed","sticky":false,"template":"","format":"standard","meta":{"footnotes":""},"categories":[],"tags":[],"class_list":["post-2002003517","post","type-post","status-publish","format-standard","has-post-thumbnail","hentry"],"_links":{"self":[{"href":"http:\/\/www.elenacabrera.com\/weblog3\/wp-json\/wp\/v2\/posts\/2002003517","targetHints":{"allow":["GET"]}}],"collection":[{"href":"http:\/\/www.elenacabrera.com\/weblog3\/wp-json\/wp\/v2\/posts"}],"about":[{"href":"http:\/\/www.elenacabrera.com\/weblog3\/wp-json\/wp\/v2\/types\/post"}],"author":[{"embeddable":true,"href":"http:\/\/www.elenacabrera.com\/weblog3\/wp-json\/wp\/v2\/users\/1"}],"replies":[{"embeddable":true,"href":"http:\/\/www.elenacabrera.com\/weblog3\/wp-json\/wp\/v2\/comments?post=2002003517"}],"version-history":[{"count":2,"href":"http:\/\/www.elenacabrera.com\/weblog3\/wp-json\/wp\/v2\/posts\/2002003517\/revisions"}],"predecessor-version":[{"id":2002003520,"href":"http:\/\/www.elenacabrera.com\/weblog3\/wp-json\/wp\/v2\/posts\/2002003517\/revisions\/2002003520"}],"wp:featuredmedia":[{"embeddable":true,"href":"http:\/\/www.elenacabrera.com\/weblog3\/wp-json\/wp\/v2\/media\/2002003519"}],"wp:attachment":[{"href":"http:\/\/www.elenacabrera.com\/weblog3\/wp-json\/wp\/v2\/media?parent=2002003517"}],"wp:term":[{"taxonomy":"category","embeddable":true,"href":"http:\/\/www.elenacabrera.com\/weblog3\/wp-json\/wp\/v2\/categories?post=2002003517"},{"taxonomy":"post_tag","embeddable":true,"href":"http:\/\/www.elenacabrera.com\/weblog3\/wp-json\/wp\/v2\/tags?post=2002003517"}],"curies":[{"name":"wp","href":"https:\/\/api.w.org\/{rel}","templated":true}]}}