{"id":2002003521,"date":"2020-08-12T17:08:23","date_gmt":"2020-08-12T15:08:23","guid":{"rendered":"http:\/\/www.elenacabrera.com\/weblog\/?p=2002003521"},"modified":"2020-10-18T13:30:48","modified_gmt":"2020-10-18T11:30:48","slug":"11-que-son-las-tormentas-de-verano","status":"publish","type":"post","link":"http:\/\/www.elenacabrera.com\/weblog3\/2020\/08\/12\/11-que-son-las-tormentas-de-verano\/","title":{"rendered":"11. Qu\u00e9 son las tormentas de verano"},"content":{"rendered":"\n<p>Hay d\u00edas que te salen chungos en medio del verano. Son casta\u00f1as huecas, nueces revenidas, sobres sorpresa sin sorpresa. Unas cartas con las que no puedes hacer nada, una mala mano: son los d\u00edas nublados. No sabes qu\u00e9 hacer con ellos, te dejan bloqueada y desorientada porque te han colado un oto\u00f1o en mitad de tus vacaciones y ni siquiera has tra\u00eddo rebequita, mucho menos un paraguas.     <\/p>\n\n\n\n<p>Son d\u00edas en los que te asolan pensamientos oscuros, que te despiertan en mitad de la noche como lo hace un trueno inesperado y el fuerte repiqueteo en el alf\u00e9izar de tu ventana abierta. Son los problemas que hab\u00edas decido no meter en la maleta y que, no sabes c\u00f3mo  ha sucedido, han cogido un autob\u00fas detr\u00e1s de ti y te han seguido sin que  los vieras venir, agazapados tras el matorral cercano, disimulando detr\u00e1s de un peri\u00f3dico del rev\u00e9s. No deber\u00edas haber dejado la ventana abierta mientras dorm\u00edas. Se lo has puesto demasiado f\u00e1cil. Se meten en  tu cama y, cuando despiertas por la ma\u00f1ana, los problemas que hab\u00edas  dejado atr\u00e1s te miran sonriente, te colocan un mech\u00f3n de pelo revuelto y  te dicen buenos d\u00edas, querida.     <\/p>\n\n\n\n<p>Son la anticipaci\u00f3n en una historia de misterio (un clavo solitario del que no cuelga ning\u00fan cuadro en la pared, un comentario casual en el que alguien confes\u00f3 su alergia al veneno de las avispas), un simulacro de incendio, un ensayo a la italiana, una previsualizaci\u00f3n de un enlace, un tr\u00e1iler, una notificaci\u00f3n. No son nada, en realidad, pero te arruinan las vacaciones.     <\/p>\n\n\n\n<p class=\"has-background has-pale-pink-background-color\"><em>Esto es solo el principio. <a href=\"https:\/\/www.eldiario.es\/blog\/el-verano-del-coronavirus\/son-tormentas-verano_132_6160999.html\" target=\"_blank\" rel=\"noreferrer noopener\" aria-label=\"Sigue leyendo haciendo clic en este enlace (abre en una nueva pesta\u00f1a)\">Sigue leyendo haciendo clic en este enlace<\/a>. Este  art\u00edculo pertenece a la serie El verano del coronavirus, publicada en  eldiario.es<\/em><br><em>Todas las ilustraciones de la serie han sido realizadas por Isa Ibaibarriaga.<\/em><br><em>Lee la seria completa <a href=\"https:\/\/static.eldiario.es\/eldiario\/public\/file\/2020\/0720\/17\/cabecera-del-blog-el-verano-del-coronavirus-0907662.png\">aqu\u00ed<\/a>.<\/em><\/p>\n","protected":false},"excerpt":{"rendered":"<p>Los d\u00edas nublados de agosto son munici\u00f3n para los melanc\u00f3licos en los que te asolan pensamientos oscuros <\/p>\n","protected":false},"author":1,"featured_media":2002003522,"comment_status":"closed","ping_status":"closed","sticky":false,"template":"","format":"standard","meta":{"footnotes":""},"categories":[],"tags":[],"class_list":["post-2002003521","post","type-post","status-publish","format-standard","has-post-thumbnail","hentry"],"_links":{"self":[{"href":"http:\/\/www.elenacabrera.com\/weblog3\/wp-json\/wp\/v2\/posts\/2002003521","targetHints":{"allow":["GET"]}}],"collection":[{"href":"http:\/\/www.elenacabrera.com\/weblog3\/wp-json\/wp\/v2\/posts"}],"about":[{"href":"http:\/\/www.elenacabrera.com\/weblog3\/wp-json\/wp\/v2\/types\/post"}],"author":[{"embeddable":true,"href":"http:\/\/www.elenacabrera.com\/weblog3\/wp-json\/wp\/v2\/users\/1"}],"replies":[{"embeddable":true,"href":"http:\/\/www.elenacabrera.com\/weblog3\/wp-json\/wp\/v2\/comments?post=2002003521"}],"version-history":[{"count":1,"href":"http:\/\/www.elenacabrera.com\/weblog3\/wp-json\/wp\/v2\/posts\/2002003521\/revisions"}],"predecessor-version":[{"id":2002003523,"href":"http:\/\/www.elenacabrera.com\/weblog3\/wp-json\/wp\/v2\/posts\/2002003521\/revisions\/2002003523"}],"wp:featuredmedia":[{"embeddable":true,"href":"http:\/\/www.elenacabrera.com\/weblog3\/wp-json\/wp\/v2\/media\/2002003522"}],"wp:attachment":[{"href":"http:\/\/www.elenacabrera.com\/weblog3\/wp-json\/wp\/v2\/media?parent=2002003521"}],"wp:term":[{"taxonomy":"category","embeddable":true,"href":"http:\/\/www.elenacabrera.com\/weblog3\/wp-json\/wp\/v2\/categories?post=2002003521"},{"taxonomy":"post_tag","embeddable":true,"href":"http:\/\/www.elenacabrera.com\/weblog3\/wp-json\/wp\/v2\/tags?post=2002003521"}],"curies":[{"name":"wp","href":"https:\/\/api.w.org\/{rel}","templated":true}]}}