{"id":2002003524,"date":"2020-08-15T17:11:15","date_gmt":"2020-08-15T15:11:15","guid":{"rendered":"http:\/\/www.elenacabrera.com\/weblog\/?p=2002003524"},"modified":"2020-10-18T13:30:41","modified_gmt":"2020-10-18T11:30:41","slug":"12-nunca-ire-a-rehab-no-no-no","status":"publish","type":"post","link":"http:\/\/www.elenacabrera.com\/weblog3\/2020\/08\/15\/12-nunca-ire-a-rehab-no-no-no\/","title":{"rendered":"12. \u00abNunca ir\u00e9 a &#8216;rehab&#8217;, no, no, no\u00bb"},"content":{"rendered":"\n<p>Todos mis amigos juran que, a partir del d\u00eda que empiezan sus  vacaciones, no van a encender el ordenador, ni abrir Twitter, ni  consultar un peri\u00f3dico. (No se dan cuenta de que se lo est\u00e1n diciendo a  alguien que escribe en uno de ellos una serie de art\u00edculos durante el  verano). Anuncian, como si fuera una heroicidad, que solo van a publicar  fotos en Instagram de lo que van a comer, lo que van a beber y las  playas en las que se van a tirar. Quiz\u00e1s, tambi\u00e9n, del libro que van a  leer. Porque van a leer, leer de verdad, dicen, leer lo que les d\u00e9 la  gana, aseguran. Las vacaciones son un descanso de los dem\u00e1s y un <em>spa<\/em> para el ego.     <\/p>\n\n\n\n<p>Me duele este desprecio tan de exfumador o expolitoxic\u00f3mano ante  los vicios informativos. Una vez yo intent\u00e9 un verano tipo The Priory  (la cl\u00ednica de rehabilitaci\u00f3n favorita del rock&#8217;n&#8217;roll brit\u00e1nico) y me  perd\u00ed tantas cosas que todav\u00eda descubro que hay personalidades que  murieron ese verano y que yo cre\u00eda vivas. En conclusi\u00f3n, no hace falta  cortar amarras, pero se pude bajar la dosis.     <\/p>\n\n\n\n<p>En mis conversaciones de reencuentros veraniegos, noto mucho que  la gente se queja, adem\u00e1s de los achaques habituales, de consumo  excesivo de noticias durante el confinamiento. Que es mala para la salud  mental y que los medios se han pasado de la raya. (\u00a1Oigan! \u00a1Aqu\u00ed una  periodista! \u00a1Hola!). \u00abYo es que ya no leo los peri\u00f3dicos\u00bb, me han  llegado a decir. O, el comentario que m\u00e1s miedo me da: \u00abSi hay algo  verdaderamente importante, ya acabar\u00e1 por llegarme\u00bb. Se me pone la piel  de gallina al pensar en qu\u00e9 tipo de embarcaci\u00f3n y con qu\u00e9 sistema de  flotaci\u00f3n arribar\u00e1 a puerto esa nave.     <\/p>\n\n\n\n<p class=\"has-background has-pale-pink-background-color\"><em>Esto es solo el principio. <a href=\"https:\/\/www.eldiario.es\/blog\/el-verano-del-coronavirus\/ire-rehab-no-no-no_132_6162688.html\" target=\"_blank\" rel=\"noreferrer noopener\" aria-label=\"Sigue leyendo haciendo clic en este enlace. (abre en una nueva pesta\u00f1a)\">Sigue leyendo haciendo clic en este enlace.<\/a> Este  art\u00edculo pertenece a la serie El verano del coronavirus, publicada en  eldiario.es<\/em><br><em>Todas las ilustraciones de la serie han sido realizadas por Isa Ibaibarriaga.<\/em><br><em>Lee la seria completa <a href=\"https:\/\/static.eldiario.es\/eldiario\/public\/file\/2020\/0720\/17\/cabecera-del-blog-el-verano-del-coronavirus-0907662.png\">aqu\u00ed<\/a>.<\/em><\/p>\n","protected":false},"excerpt":{"rendered":"<p>En mis conversaciones de reencuentros veraniegos, noto mucho que la gente se queja, adem\u00e1s de los achaques habituales, de consumo excesivo de noticias durante el confinamiento <\/p>\n","protected":false},"author":1,"featured_media":2002003525,"comment_status":"closed","ping_status":"closed","sticky":false,"template":"","format":"standard","meta":{"footnotes":""},"categories":[],"tags":[],"class_list":["post-2002003524","post","type-post","status-publish","format-standard","has-post-thumbnail","hentry"],"_links":{"self":[{"href":"http:\/\/www.elenacabrera.com\/weblog3\/wp-json\/wp\/v2\/posts\/2002003524","targetHints":{"allow":["GET"]}}],"collection":[{"href":"http:\/\/www.elenacabrera.com\/weblog3\/wp-json\/wp\/v2\/posts"}],"about":[{"href":"http:\/\/www.elenacabrera.com\/weblog3\/wp-json\/wp\/v2\/types\/post"}],"author":[{"embeddable":true,"href":"http:\/\/www.elenacabrera.com\/weblog3\/wp-json\/wp\/v2\/users\/1"}],"replies":[{"embeddable":true,"href":"http:\/\/www.elenacabrera.com\/weblog3\/wp-json\/wp\/v2\/comments?post=2002003524"}],"version-history":[{"count":2,"href":"http:\/\/www.elenacabrera.com\/weblog3\/wp-json\/wp\/v2\/posts\/2002003524\/revisions"}],"predecessor-version":[{"id":2002003527,"href":"http:\/\/www.elenacabrera.com\/weblog3\/wp-json\/wp\/v2\/posts\/2002003524\/revisions\/2002003527"}],"wp:featuredmedia":[{"embeddable":true,"href":"http:\/\/www.elenacabrera.com\/weblog3\/wp-json\/wp\/v2\/media\/2002003525"}],"wp:attachment":[{"href":"http:\/\/www.elenacabrera.com\/weblog3\/wp-json\/wp\/v2\/media?parent=2002003524"}],"wp:term":[{"taxonomy":"category","embeddable":true,"href":"http:\/\/www.elenacabrera.com\/weblog3\/wp-json\/wp\/v2\/categories?post=2002003524"},{"taxonomy":"post_tag","embeddable":true,"href":"http:\/\/www.elenacabrera.com\/weblog3\/wp-json\/wp\/v2\/tags?post=2002003524"}],"curies":[{"name":"wp","href":"https:\/\/api.w.org\/{rel}","templated":true}]}}