{"id":2002003528,"date":"2020-08-17T17:13:55","date_gmt":"2020-08-17T15:13:55","guid":{"rendered":"http:\/\/www.elenacabrera.com\/weblog\/?p=2002003528"},"modified":"2020-10-18T13:30:33","modified_gmt":"2020-10-18T11:30:33","slug":"este-ano-hay-amor-o-que","status":"publish","type":"post","link":"http:\/\/www.elenacabrera.com\/weblog3\/2020\/08\/17\/este-ano-hay-amor-o-que\/","title":{"rendered":"13. Este a\u00f1o hay amor o qu\u00e9"},"content":{"rendered":"\n<p>Todos los veranos se enamora de alguien. El otro d\u00eda hablamos por WhatsApp y le pregunt\u00e9 si este tambi\u00e9n. \u00abEste \u2014me dijo\u2014 no sucede\u00bb. Claro, no es que ella se lo proponga, o lo busque, es que la cosa le sobreviene como un infarto. En el verano de 2016, de visita en el pueblo de sus abuelos, despu\u00e9s de cruzarse en varios paseos con otra chica que tambi\u00e9n hac\u00eda caminatas solitarias, acab\u00f3 por pararla y preguntarle si quer\u00eda tomar un helado. La chica dijo que s\u00ed y despu\u00e9s de lamer el helado siguieron con todo lo dem\u00e1s.<\/p>\n\n\n\n<p>Espero que no le importe que cuente esto, en cualquier caso no voy a revelar su nombre, pero a mi amiga no le duran los ligues m\u00e1s all\u00e1 del 15 de septiembre. Pierde la ilusi\u00f3n, no sabe continuar, todo lo que le alegra de la otra persona, le parece triste en el oto\u00f1o de su romance. En el verano de 2019, comparti\u00f3 el \u00faltimo trozo de tiramis\u00fa que les quedaba en una cafeter\u00eda con un dandy brit\u00e1nico que hab\u00eda dejado un libro de Oscar Wilde con ilustraciones de Aubrey Beardsley junto a su taza de caf\u00e9. Esa misma tarde, caminaron juntos hasta la playa y se arrimaron mucho el uno al otro para observar con detalle cada dibujo de Beardsley, bes\u00e1ndose a los pies de la falda con plumas de pavo real que vest\u00eda Salom\u00e9.<\/p>\n\n\n\n<p>Su amor del a\u00f1o pasado la invit\u00f3 a reencontrarse en Londres para ver all\u00ed la exposici\u00f3n que la Tate est\u00e1 dedicando a este artista decadente. Ella estuvo a punto de decir que s\u00ed, pero la idea de quedarse dos semanas en cuarentena la desanim\u00f3. Se dijo a s\u00ed misma que era mejor no revivir historias del pasado.<\/p>\n\n\n\n<p class=\"has-pale-pink-background-color has-background\"><em>Esto es solo el principio. <a rel=\"noreferrer noopener\" aria-label=\"Sigue leyendo haciendo clic en este enlace (abre en una nueva pesta\u00f1a)\" href=\"https:\/\/www.eldiario.es\/blog\/el-verano-del-coronavirus\/ano-hay-amor_132_6168798.html\" target=\"_blank\">Sigue leyendo haciendo clic en este enlace<\/a>. Este  art\u00edculo pertenece a la serie El verano del coronavirus, publicada en eldiario.es<\/em><br><em>Todas las ilustraciones de la serie han sido realizadas por Isa Ibaibarriaga.<\/em><br><em>Lee la seria completa <a href=\"https:\/\/static.eldiario.es\/eldiario\/public\/file\/2020\/0720\/17\/cabecera-del-blog-el-verano-del-coronavirus-0907662.png\">aqu\u00ed<\/a>.<\/em><\/p>\n","protected":false},"excerpt":{"rendered":"<p>Tampoco es un problema aprender a estar feliz estando sola, aunque 2020 nos haya obligado a esto por las malas <\/p>\n","protected":false},"author":1,"featured_media":2002003529,"comment_status":"closed","ping_status":"closed","sticky":false,"template":"","format":"standard","meta":{"footnotes":""},"categories":[],"tags":[],"class_list":["post-2002003528","post","type-post","status-publish","format-standard","has-post-thumbnail","hentry"],"_links":{"self":[{"href":"http:\/\/www.elenacabrera.com\/weblog3\/wp-json\/wp\/v2\/posts\/2002003528","targetHints":{"allow":["GET"]}}],"collection":[{"href":"http:\/\/www.elenacabrera.com\/weblog3\/wp-json\/wp\/v2\/posts"}],"about":[{"href":"http:\/\/www.elenacabrera.com\/weblog3\/wp-json\/wp\/v2\/types\/post"}],"author":[{"embeddable":true,"href":"http:\/\/www.elenacabrera.com\/weblog3\/wp-json\/wp\/v2\/users\/1"}],"replies":[{"embeddable":true,"href":"http:\/\/www.elenacabrera.com\/weblog3\/wp-json\/wp\/v2\/comments?post=2002003528"}],"version-history":[{"count":3,"href":"http:\/\/www.elenacabrera.com\/weblog3\/wp-json\/wp\/v2\/posts\/2002003528\/revisions"}],"predecessor-version":[{"id":2002003543,"href":"http:\/\/www.elenacabrera.com\/weblog3\/wp-json\/wp\/v2\/posts\/2002003528\/revisions\/2002003543"}],"wp:featuredmedia":[{"embeddable":true,"href":"http:\/\/www.elenacabrera.com\/weblog3\/wp-json\/wp\/v2\/media\/2002003529"}],"wp:attachment":[{"href":"http:\/\/www.elenacabrera.com\/weblog3\/wp-json\/wp\/v2\/media?parent=2002003528"}],"wp:term":[{"taxonomy":"category","embeddable":true,"href":"http:\/\/www.elenacabrera.com\/weblog3\/wp-json\/wp\/v2\/categories?post=2002003528"},{"taxonomy":"post_tag","embeddable":true,"href":"http:\/\/www.elenacabrera.com\/weblog3\/wp-json\/wp\/v2\/tags?post=2002003528"}],"curies":[{"name":"wp","href":"https:\/\/api.w.org\/{rel}","templated":true}]}}