{"id":2002003544,"date":"2020-08-19T13:11:11","date_gmt":"2020-08-19T11:11:11","guid":{"rendered":"http:\/\/www.elenacabrera.com\/weblog\/?p=2002003544"},"modified":"2020-10-18T13:30:26","modified_gmt":"2020-10-18T11:30:26","slug":"14-carreteras-secundarias-de-la-memoria","status":"publish","type":"post","link":"http:\/\/www.elenacabrera.com\/weblog3\/2020\/08\/19\/14-carreteras-secundarias-de-la-memoria\/","title":{"rendered":"14. Carreteras secundarias de la memoria"},"content":{"rendered":"\n<p>Hab\u00edamos tomado por error la carretera que pasa por delante del Pazo de Meir\u00e1s. A mi primo no le gusta conducir con gps, as\u00ed que se gu\u00eda de su intuici\u00f3n, de los puntos cardinales y de sus recuerdos. Al final llega a los sitios, porque en Galicia todas las carreteras llevan a todas partes, con mayor o menor rodeo, con m\u00e1s o menos barro. El desv\u00edo sirvi\u00f3 para que la conversaci\u00f3n tambi\u00e9n se apartara del camino, y surgiera un desv\u00edo en nuestras palabras, que nos llev\u00f3 a un lugar que no esperaba descubrir.<\/p>\n\n\n\n<p>De camino a Sada, aparecen tras una curva las piedras grandes y oscuras del muro que protege el pazo que mando construir la gran escritora decimon\u00f3nica Emilia Pardo Baz\u00e1n. Rodeada de sus miles de libros, escrib\u00eda desde lo alto de la Torre de la Quimera. Cuando necesitaba aire fresco y una mirada hacia el horizonte, se asomaba al precioso balc\u00f3n de doble arco que llamaba De las Musas, suspendido sobre la fachada lisa de la m\u00e1s alta de las tres torres almenadas, y lo que fuera que encontrara all\u00ed le hac\u00eda retornar al papel. No se puede ser m\u00e1s rom\u00e1ntica.<\/p>\n\n\n\n<p>Dice mi primo: \u00abt\u00fa t\u00edo \u2014que es tambi\u00e9n el suyo\u2014 pas\u00f3 su convalecencia en el pazo, \u00bfno lo sab\u00edas?\u00bb. Mi t\u00edo tuvo de ni\u00f1o una enfermedad que casi lo mata y que le dej\u00f3 muy peque\u00f1o y muy delgado. Un hombre fr\u00e1gil pero risue\u00f1o. No, no lo sab\u00eda. Y no me cab\u00eda en la cabeza c\u00f3mo eso era posible. Tir\u00e9 del hilo.<\/p>\n\n\n\n<p class=\"has-pale-pink-background-color has-background\"><em>Esto es solo el principio. <a href=\"https:\/\/www.eldiario.es\/blog\/el-verano-del-coronavirus\/carreteras-secundarias-memoria_132_6171343.html\" target=\"_blank\" rel=\"noreferrer noopener\">Sigue leyendo haciendo clic en este enlace<\/a>. Este art\u00edculo pertenece a la serie El verano del coronavirus, publicada en eldiario.es<\/em><br><em>Todas las ilustraciones de la serie han sido realizadas por Isa Ibaibarriaga.<\/em><br><em>Lee la seria completa <a href=\"https:\/\/static.eldiario.es\/eldiario\/public\/file\/2020\/0720\/17\/cabecera-del-blog-el-verano-del-coronavirus-0907662.png\">aqu\u00ed<\/a>.<\/em><\/p>\n","protected":false},"excerpt":{"rendered":"<p>Hay un momento en el que termina la fantas\u00eda de las vacaciones, que es cuando memorizas la hora a la que sale tu vuelo, tu tren o tu autob\u00fas. Tambi\u00e9n vale para cuando decides la hora en la que vas a emprender viaje en coche. <\/p>\n","protected":false},"author":1,"featured_media":2002003545,"comment_status":"closed","ping_status":"closed","sticky":false,"template":"","format":"standard","meta":{"footnotes":""},"categories":[],"tags":[],"class_list":["post-2002003544","post","type-post","status-publish","format-standard","has-post-thumbnail","hentry"],"_links":{"self":[{"href":"http:\/\/www.elenacabrera.com\/weblog3\/wp-json\/wp\/v2\/posts\/2002003544","targetHints":{"allow":["GET"]}}],"collection":[{"href":"http:\/\/www.elenacabrera.com\/weblog3\/wp-json\/wp\/v2\/posts"}],"about":[{"href":"http:\/\/www.elenacabrera.com\/weblog3\/wp-json\/wp\/v2\/types\/post"}],"author":[{"embeddable":true,"href":"http:\/\/www.elenacabrera.com\/weblog3\/wp-json\/wp\/v2\/users\/1"}],"replies":[{"embeddable":true,"href":"http:\/\/www.elenacabrera.com\/weblog3\/wp-json\/wp\/v2\/comments?post=2002003544"}],"version-history":[{"count":2,"href":"http:\/\/www.elenacabrera.com\/weblog3\/wp-json\/wp\/v2\/posts\/2002003544\/revisions"}],"predecessor-version":[{"id":2002003550,"href":"http:\/\/www.elenacabrera.com\/weblog3\/wp-json\/wp\/v2\/posts\/2002003544\/revisions\/2002003550"}],"wp:featuredmedia":[{"embeddable":true,"href":"http:\/\/www.elenacabrera.com\/weblog3\/wp-json\/wp\/v2\/media\/2002003545"}],"wp:attachment":[{"href":"http:\/\/www.elenacabrera.com\/weblog3\/wp-json\/wp\/v2\/media?parent=2002003544"}],"wp:term":[{"taxonomy":"category","embeddable":true,"href":"http:\/\/www.elenacabrera.com\/weblog3\/wp-json\/wp\/v2\/categories?post=2002003544"},{"taxonomy":"post_tag","embeddable":true,"href":"http:\/\/www.elenacabrera.com\/weblog3\/wp-json\/wp\/v2\/tags?post=2002003544"}],"curies":[{"name":"wp","href":"https:\/\/api.w.org\/{rel}","templated":true}]}}