{"id":2002003547,"date":"2020-08-22T13:14:33","date_gmt":"2020-08-22T11:14:33","guid":{"rendered":"http:\/\/www.elenacabrera.com\/weblog\/?p=2002003547"},"modified":"2020-10-18T13:30:16","modified_gmt":"2020-10-18T11:30:16","slug":"15-aqui-no-hay-postales","status":"publish","type":"post","link":"http:\/\/www.elenacabrera.com\/weblog3\/2020\/08\/22\/15-aqui-no-hay-postales\/","title":{"rendered":"15. Aqu\u00ed no hay postales"},"content":{"rendered":"\n<p>Las vacaciones pueden tener una parte de usurpaci\u00f3n, admit\u00e1moslo. Ensayamos durante un tiempo c\u00f3mo ser\u00eda ser otro, o como ser\u00edamos nosotros mismos si pudi\u00e9ramos alterar algunos de nuestros condicionantes. Aparentamos que, en realidad, todo el a\u00f1o somos tambi\u00e9n ese tipo desenvuelto que come y cena fuera de casa, que encarga paellas y ordena percebes. Nos camuflamos entre la multitud, escondiendo la c\u00e1mara de fotos y cerrando Google Maps, y actuamos como suponemos que act\u00faan los locales, nos desentendemos de curiosear a un lado y a otro y nos concentramos en mirar solo de frente, como si hubi\u00e9ramos pasado mil veces por ese sitio de camino a otro. De repente, por una bocacalle, asoma un pedazo de iglesia rom\u00e1nica y se nos van los ojos, pero nos obligamos a no mirarla, o si acaso hacerlo con desd\u00e9n, porque hoy queremos ser de <em>aqu\u00ed<\/em>, pretendemos que somos de <em>aqu\u00ed<\/em>, somos de <em>aqu\u00ed<\/em>.<\/p>\n\n\n\n<p>Ponemos a prueba nuestro yo, con su esencia y sus relaciones, trabajosamente moldeado (o vapuleado, todo depende del privilegio, del barrio y de la resistencia), y nos interrogamos seriamente: \u00bfser\u00edamos felices <em>aqu\u00ed?<\/em> He constatado que la respuesta depende de si la pregunta se hace al principio de las vacaciones o ya tirando hacia el final. Del podr\u00eda ser, c\u00f3mo no, claro que s\u00ed, vamos dici\u00e9ndonos, cuando se aproxima el regreso, que en realidad pertenecemos a otro sitio, que <em>all\u00ed<\/em> no se est\u00e1 tan mal, que los inviernos <em>aqu\u00ed<\/em> son un tost\u00f3n, que nadie quiere estar toda la vida de vacaciones. Es decir, nos mentimos siempre.<\/p>\n\n\n\n<p>Me gustan mucho las casas museo. Son un terreno a medio camino entre la realidad y la ficci\u00f3n muy parecido al de las vacaciones. En A Coru\u00f1a hay varios. Hace poco he ido a visitar la casa en la que vivi\u00f3 Pablo Picasso durante cuatro a\u00f1os cuando era ni\u00f1o. Nunca deja de sorprenderme que periodos que aparentan ser tan insignificantes den para sacar un piso del mercado, extraerlo, digamos, de su contexto, y colocarlo en un momento de tiempo pasado, preserv\u00e1ndolo del avance del progreso, de la civilizaci\u00f3n, de la vida en general. Me gustar\u00eda una casa museo donde pudiera ver las cosas tal y como las dej\u00f3, en el \u00faltimo d\u00eda de vida, la persona relevante que vivi\u00f3 all\u00ed. Vendr\u00eda una comisi\u00f3n de preservadores, rociar\u00eda con espray goma laca y comenzar\u00edan a cobrar entrada desde el d\u00eda siguiente a la muerte. Una magdalena a medio morder, abandonada sobre una mesa, se ir\u00eda poniendo verde, luego azul, y los visitantes sentir\u00edan que el tiempo no est\u00e1 del todo detenido, que es un t\u00f3pico que utilizan los gu\u00edas de las casas museo.<\/p>\n\n\n\n<p class=\"has-pale-pink-background-color has-background\"><em>Esto es solo el principio. <a href=\"https:\/\/www.eldiario.es\/blog\/el-verano-del-coronavirus\/no-hay-postales_132_6177450.html\" target=\"_blank\" rel=\"noreferrer noopener\">Sigue leyendo haciendo clic en este enlace<\/a>. Este art\u00edculo pertenece a la serie El verano del coronavirus, publicada en eldiario.es<\/em><br><em>Todas las ilustraciones de la serie han sido realizadas por Isa Ibaibarriaga.<\/em><br><em>Lee la seria completa <a href=\"https:\/\/static.eldiario.es\/eldiario\/public\/file\/2020\/0720\/17\/cabecera-del-blog-el-verano-del-coronavirus-0907662.png\">aqu\u00ed<\/a>.<\/em><\/p>\n","protected":false},"excerpt":{"rendered":"<p>Hay un momento en el que termina la fantas\u00eda de las vacaciones, que es cuando memorizas la hora a la que sale tu vuelo, tu tren o tu autob\u00fas. Tambi\u00e9n vale para cuando decides la hora en la que vas a emprender viaje en coche. <\/p>\n","protected":false},"author":1,"featured_media":2002003548,"comment_status":"closed","ping_status":"closed","sticky":false,"template":"","format":"standard","meta":{"footnotes":""},"categories":[],"tags":[],"class_list":["post-2002003547","post","type-post","status-publish","format-standard","has-post-thumbnail","hentry"],"_links":{"self":[{"href":"http:\/\/www.elenacabrera.com\/weblog3\/wp-json\/wp\/v2\/posts\/2002003547","targetHints":{"allow":["GET"]}}],"collection":[{"href":"http:\/\/www.elenacabrera.com\/weblog3\/wp-json\/wp\/v2\/posts"}],"about":[{"href":"http:\/\/www.elenacabrera.com\/weblog3\/wp-json\/wp\/v2\/types\/post"}],"author":[{"embeddable":true,"href":"http:\/\/www.elenacabrera.com\/weblog3\/wp-json\/wp\/v2\/users\/1"}],"replies":[{"embeddable":true,"href":"http:\/\/www.elenacabrera.com\/weblog3\/wp-json\/wp\/v2\/comments?post=2002003547"}],"version-history":[{"count":2,"href":"http:\/\/www.elenacabrera.com\/weblog3\/wp-json\/wp\/v2\/posts\/2002003547\/revisions"}],"predecessor-version":[{"id":2002003562,"href":"http:\/\/www.elenacabrera.com\/weblog3\/wp-json\/wp\/v2\/posts\/2002003547\/revisions\/2002003562"}],"wp:featuredmedia":[{"embeddable":true,"href":"http:\/\/www.elenacabrera.com\/weblog3\/wp-json\/wp\/v2\/media\/2002003548"}],"wp:attachment":[{"href":"http:\/\/www.elenacabrera.com\/weblog3\/wp-json\/wp\/v2\/media?parent=2002003547"}],"wp:term":[{"taxonomy":"category","embeddable":true,"href":"http:\/\/www.elenacabrera.com\/weblog3\/wp-json\/wp\/v2\/categories?post=2002003547"},{"taxonomy":"post_tag","embeddable":true,"href":"http:\/\/www.elenacabrera.com\/weblog3\/wp-json\/wp\/v2\/tags?post=2002003547"}],"curies":[{"name":"wp","href":"https:\/\/api.w.org\/{rel}","templated":true}]}}