{"id":2002003551,"date":"2020-08-24T13:17:19","date_gmt":"2020-08-24T11:17:19","guid":{"rendered":"http:\/\/www.elenacabrera.com\/weblog\/?p=2002003551"},"modified":"2020-10-18T13:30:09","modified_gmt":"2020-10-18T11:30:09","slug":"16-verano-2020-manual-de-uso","status":"publish","type":"post","link":"http:\/\/www.elenacabrera.com\/weblog3\/2020\/08\/24\/16-verano-2020-manual-de-uso\/","title":{"rendered":"16. Verano 2020. Manual de uso"},"content":{"rendered":"\n<p>Acuda a esta p\u00e1gina del libro de instrucciones para obtener una resoluci\u00f3n r\u00e1pida y eficaz de los problemas que podr\u00edan surgirle durante la manipulaci\u00f3n del verano de 2020.<\/p>\n\n\n\n<p>1) Si dispone de tiempo libre, aprenda a hacer cosas en casa. En este mismo libro encontrar\u00e1 c\u00f3mo fabricar gel hidroalcoh\u00f3lico paso a paso. A diferencia de otros manuales, no recomendamos el uso de orujo blanco como sustituto del alcohol en caso de desabastecimiento.<\/p>\n\n\n\n<p>2) Si le cuesta respirar con la mascarilla, se le empa\u00f1an las gafas o detecta sudoraci\u00f3n excesiva, deje de quejarse como si fuera la \u00fanica persona en el mundo que la lleva. Millones de personas est\u00e1n en su misma situaci\u00f3n y h\u00e1gase a la idea de que esto va para largo. Cont\u00e9ntese pensando que en el invierno le servir\u00e1 para abrigarse la cara a falta de bufanda.<\/p>\n\n\n\n<p>3) Si disfruta de una tumbona en la que relajarse, un balc\u00f3n con vistas o unas horas de viaje, mot\u00edvese para el invierno con las lecturas adecuadas. Aqu\u00ed le recomendamos algunas: el imprescindible manual de referencia <em>Zombi. Gu\u00eda de supervivencia,<\/em> de Max Brooks, o la desoladora novela postapocal\u00edptica de Cormac McCarthy <em>La carretera. <\/em>Ambas son opciones reconfortantes.<\/p>\n\n\n\n<p><em>Esto es solo el principio. <a href=\"https:\/\/www.eldiario.es\/blog\/el-verano-del-coronavirus\/verano-manual_132_6179752.html\">Sigue leyendo haciendo clic en este enlace<\/a>. Este art\u00edculo pertenece a la serie El verano del coronavirus, publicada en eldiario.es<\/em><br><em>Todas las ilustraciones de la serie han sido realizadas por Isa Ibaibarriaga.<\/em><br><em>Lee la seria completa <a href=\"https:\/\/static.eldiario.es\/eldiario\/public\/file\/2020\/0720\/17\/cabecera-del-blog-el-verano-del-coronavirus-0907662.png\">aqu\u00ed<\/a>.<\/em><\/p>\n","protected":false},"excerpt":{"rendered":"<p>Diez consejos a los que acudir para obtener una resoluci\u00f3n r\u00e1pida y eficaz de los problemas que podr\u00edan surgirle durante la manipulaci\u00f3n del verano de 2020 <\/p>\n","protected":false},"author":1,"featured_media":2002003552,"comment_status":"closed","ping_status":"closed","sticky":false,"template":"","format":"standard","meta":{"footnotes":""},"categories":[],"tags":[],"class_list":["post-2002003551","post","type-post","status-publish","format-standard","has-post-thumbnail","hentry"],"_links":{"self":[{"href":"http:\/\/www.elenacabrera.com\/weblog3\/wp-json\/wp\/v2\/posts\/2002003551","targetHints":{"allow":["GET"]}}],"collection":[{"href":"http:\/\/www.elenacabrera.com\/weblog3\/wp-json\/wp\/v2\/posts"}],"about":[{"href":"http:\/\/www.elenacabrera.com\/weblog3\/wp-json\/wp\/v2\/types\/post"}],"author":[{"embeddable":true,"href":"http:\/\/www.elenacabrera.com\/weblog3\/wp-json\/wp\/v2\/users\/1"}],"replies":[{"embeddable":true,"href":"http:\/\/www.elenacabrera.com\/weblog3\/wp-json\/wp\/v2\/comments?post=2002003551"}],"version-history":[{"count":1,"href":"http:\/\/www.elenacabrera.com\/weblog3\/wp-json\/wp\/v2\/posts\/2002003551\/revisions"}],"predecessor-version":[{"id":2002003553,"href":"http:\/\/www.elenacabrera.com\/weblog3\/wp-json\/wp\/v2\/posts\/2002003551\/revisions\/2002003553"}],"wp:featuredmedia":[{"embeddable":true,"href":"http:\/\/www.elenacabrera.com\/weblog3\/wp-json\/wp\/v2\/media\/2002003552"}],"wp:attachment":[{"href":"http:\/\/www.elenacabrera.com\/weblog3\/wp-json\/wp\/v2\/media?parent=2002003551"}],"wp:term":[{"taxonomy":"category","embeddable":true,"href":"http:\/\/www.elenacabrera.com\/weblog3\/wp-json\/wp\/v2\/categories?post=2002003551"},{"taxonomy":"post_tag","embeddable":true,"href":"http:\/\/www.elenacabrera.com\/weblog3\/wp-json\/wp\/v2\/tags?post=2002003551"}],"curies":[{"name":"wp","href":"https:\/\/api.w.org\/{rel}","templated":true}]}}