{"id":2002003556,"date":"2020-08-29T13:21:51","date_gmt":"2020-08-29T11:21:51","guid":{"rendered":"http:\/\/www.elenacabrera.com\/weblog\/?p=2002003556"},"modified":"2020-12-29T17:57:12","modified_gmt":"2020-12-29T15:57:12","slug":"18-asi-muere-un-verano","status":"publish","type":"post","link":"http:\/\/www.elenacabrera.com\/weblog3\/2020\/08\/29\/18-asi-muere-un-verano\/","title":{"rendered":"18. As\u00ed muere un verano"},"content":{"rendered":"\n<p>Debido al permanente estado de susto vigente en 2020, este a\u00f1o el verano dura menos. Para los que cogen vacaciones la segunda quincena de agosto es una faena porque ya no se disfruta, es como llegar a un club a las 5:55, pedir una copa y que al segundo sorbo enciendan las luces. La met\u00e1fora vale para cuando exist\u00edan clubs, los m\u00e1s j\u00f3venes no sabr\u00e1n ni de lo que les hablo.<\/p>\n\n\n\n<p>Estos d\u00edas Madrid engulle a cientos de veraneantes que osaron irse de vacaciones, los absorbe como una aspiradora hambrienta de trabajadores y consumidores. Dos d\u00edas despu\u00e9s, el retornado que hace no mucho caminaba en chanclas por la vida ahora viste su cara de septiembre. El moreno se le ha ca\u00eddo al suelo todo de golpe y, con innecesaria eficiencia, ha pasado una m\u00e1quina de limpieza frotando el rodillo por la acera, pues la ha dejado echa un asco, cubierta de polvo de mar y de sal.<\/p>\n\n\n\n<p>Aqu\u00ed, en la ciudad, solo se habla de dos cosas: la vuelta al cole y las predicciones para el futuro pr\u00f3ximo. Incluso los cl\u00e1sicos brasas aficionados a relatar sus viajes con pleno detalle, este a\u00f1o se abstienen de hacerlo, no se sabe si porque no se han ido o por miedo al qu\u00e9 dir\u00e1n. Mejor no preguntar. Mucha gente no se ha ido a ning\u00fan lado y les han condecorado con un diploma a la resistencia y una medalla por sobrevivir a la ola de calor. Algunas de estas personas consideran que los que nos hemos ido de vacaciones hemos actuado de manera irresponsable. Aunque intentes justificarte, esperan agazapados al pie de tu relato a que cometas un error: un taxi innecesario, una cola para comprar churros, una visita extremadamente cuidadosa a la Torre de H\u00e9rcules donde, f\u00edjate qu\u00e9 curiosidad, dos semanas despu\u00e9s dio positivo un empleado de la limpieza y tuvieron que cerrarla. \u201cMierda\u201d, piensas, \u201cno deber\u00eda hacer dicho eso\u201d.<\/p>\n\n\n\n<p class=\"has-pale-pink-background-color has-background\"><em>Esto es solo el principio. <a rel=\"noreferrer noopener\" href=\"https:\/\/www.eldiario.es\/blog\/el-verano-del-coronavirus\/muere-verano_132_6188220.html\" target=\"_blank\">Sigue leyendo haciendo clic en este enlace<\/a>. Este art\u00edculo pertenece a la serie El verano del coronavirus, publicada en eldiario.es<\/em><br><em>Todas las ilustraciones de la serie han sido realizadas por Isa Ibaibarriaga.<\/em><br><em>Lee la seria completa <a href=\"https:\/\/www.eldiario.es\/blog\/el-verano-del-coronavirus\/\">aqu\u00ed<\/a>.<\/em><\/p>\n","protected":false},"excerpt":{"rendered":"<p>Si ya lo hemos dado todo con respecto a las dudas y especulaciones de la vuela el cole, o si no tenemos hijos, podemos dedicarnos placenteramente al otro tema, el de las predicciones. No es necesario un chat espec\u00edfico ni pertenecer a un grupo concreto de poblaci\u00f3n. Es transversal y universal <\/p>\n","protected":false},"author":1,"featured_media":2002003557,"comment_status":"closed","ping_status":"closed","sticky":false,"template":"","format":"standard","meta":{"footnotes":""},"categories":[],"tags":[],"class_list":["post-2002003556","post","type-post","status-publish","format-standard","has-post-thumbnail","hentry"],"_links":{"self":[{"href":"http:\/\/www.elenacabrera.com\/weblog3\/wp-json\/wp\/v2\/posts\/2002003556","targetHints":{"allow":["GET"]}}],"collection":[{"href":"http:\/\/www.elenacabrera.com\/weblog3\/wp-json\/wp\/v2\/posts"}],"about":[{"href":"http:\/\/www.elenacabrera.com\/weblog3\/wp-json\/wp\/v2\/types\/post"}],"author":[{"embeddable":true,"href":"http:\/\/www.elenacabrera.com\/weblog3\/wp-json\/wp\/v2\/users\/1"}],"replies":[{"embeddable":true,"href":"http:\/\/www.elenacabrera.com\/weblog3\/wp-json\/wp\/v2\/comments?post=2002003556"}],"version-history":[{"count":3,"href":"http:\/\/www.elenacabrera.com\/weblog3\/wp-json\/wp\/v2\/posts\/2002003556\/revisions"}],"predecessor-version":[{"id":2002003654,"href":"http:\/\/www.elenacabrera.com\/weblog3\/wp-json\/wp\/v2\/posts\/2002003556\/revisions\/2002003654"}],"wp:featuredmedia":[{"embeddable":true,"href":"http:\/\/www.elenacabrera.com\/weblog3\/wp-json\/wp\/v2\/media\/2002003557"}],"wp:attachment":[{"href":"http:\/\/www.elenacabrera.com\/weblog3\/wp-json\/wp\/v2\/media?parent=2002003556"}],"wp:term":[{"taxonomy":"category","embeddable":true,"href":"http:\/\/www.elenacabrera.com\/weblog3\/wp-json\/wp\/v2\/categories?post=2002003556"},{"taxonomy":"post_tag","embeddable":true,"href":"http:\/\/www.elenacabrera.com\/weblog3\/wp-json\/wp\/v2\/tags?post=2002003556"}],"curies":[{"name":"wp","href":"https:\/\/api.w.org\/{rel}","templated":true}]}}