{"id":2002003614,"date":"2020-12-29T01:47:48","date_gmt":"2020-12-28T23:47:48","guid":{"rendered":"http:\/\/www.elenacabrera.com\/weblog\/?p=2002003614"},"modified":"2020-12-29T01:47:49","modified_gmt":"2020-12-28T23:47:49","slug":"el-turno-de-las-enfermeras","status":"publish","type":"post","link":"http:\/\/www.elenacabrera.com\/weblog3\/2020\/12\/29\/el-turno-de-las-enfermeras\/","title":{"rendered":"El turno de las enfermeras"},"content":{"rendered":"\n<p>Est\u00e1n agotadas. Han llegado a diciembre al l\u00edmite de sus fuerzas. Muchas se han cogido a final de a\u00f1o las vacaciones que no pudieron disfrutar en verano, y las compa\u00f1eras que est\u00e1n hoy sosteniendo la presi\u00f3n de la segunda ola est\u00e1n cubriendo esas ausencias con tenacidad. Las enfermeras y los enfermeros han desempe\u00f1ado un papel protagonista en la trama del a\u00f1o 2020. Como una funesta anticipaci\u00f3n, la OMS hab\u00eda declarado que este ser\u00eda el a\u00f1o dedicado a su profesi\u00f3n. Se podr\u00eda decir que la predicci\u00f3n de esta organizaci\u00f3n fue terriblemente acertada, pero por motivos diferentes a los que esperaban.<\/p>\n\n\n\n<p>\u201cLa verdad es que este a\u00f1o ha sido triste\u201d, cuenta la enfermera Concha P\u00e1rraga, \u201cy no solamente a nivel humano. A nivel profesional se ha quedado paralizado todo lo que pens\u00e1bamos que \u00edbamos a poder adelantar por ser el A\u00f1o Internacional del Personal de Enfermer\u00eda y de Parter\u00eda\u201d pero admite que \u201clo bueno entre comillas\u201d de la pandemia de la COVID-19 ha sido haber sacado \u201clo mejor de todas las profesiones, y la enfermer\u00eda ha dado el callo\u201d. Concha, por sus propias patolog\u00edas, ha estado exenta de tratar pacientes COVID pero eso no quiere decir que haya estado de lado. Desde su centro de salud Campo de la Paloma, en un barrio de Puente de Vallecas, al sureste de Madrid, esta enfermera lo mismo escribe una columna para el peri\u00f3dico gratuito del barrio, que publica videos en Twitter en los que recuerda a los ni\u00f1os c\u00f3mo lavar las manos o visita colegios con su proyecto Teatro de la Salud, que comparte con una enfermera de otro centro, y para el que han creado un par de marionetas con las que ense\u00f1ar a los m\u00e1s peque\u00f1os h\u00e1bitos saludables. \u201cEsto lo deber\u00edamos hacer todas \u2014explica\u2014 porque la enfermer\u00eda de familia es tambi\u00e9n comunitaria. Yo no me pongo l\u00edmites. \u00a1C\u00f3mo no voy a querer colaborar en un peri\u00f3dico si forma parte de mi profesi\u00f3n! Yo quiero trabajar en comunidad porque una frase de mi art\u00edculo puede ayudar a alguien, aunque no sepa qui\u00e9n es, cu\u00e1l es su n\u00famero de expediente ni pueda escribir en su historial cl\u00ednico. Esto es la enfermer\u00eda comunitaria\u201d.&nbsp;<\/p>\n\n\n\n<p>La enfermer\u00eda se divide en siete especialidades oficiales que son, adem\u00e1s del campo familiar y comunitario en el que trabaja Concha P\u00e1rraga, el obst\u00e9trico-ginecol\u00f3gico, el de salud mental, trabajo, geri\u00e1trico, pedi\u00e1trico y el de los cuidados quir\u00fargicos. Pero todav\u00eda son pocas las promociones de enfermeras que se especializan, pues en Espa\u00f1a se implantaron en 2005 y las comunidades aut\u00f3nomas las fueron reconociendo a diferentes velocidades. La generaci\u00f3n de P\u00e1rraga se ha formado, en cambio, a fuerza de experiencia. Una de las grandes preocupaciones para los colegios profesionales es precisamente la falta de implantaci\u00f3n de las especialidades. \u201cHay distintas competencias donde las enfermeras ya tenemos esa capacitaci\u00f3n y sin embargo no se nos deja ejercerla\u201d, dice Mar Rocha, del Colegio de Enfermer\u00eda de Madrid, \u201ctenemos muchas enfermeras que han hecho el EIR [Enfermero Interno Residente, como el MIR de los m\u00e9dicos] y que est\u00e1n trabajando en otro \u00e1mbito diferente para el que se han formado porque no hay puestos creados para que esas especialistas puedan dar esos cuidados a la poblaci\u00f3n\u201d.<\/p>\n\n\n\n<p class=\"has-text-align-right\"><a href=\"https:\/\/www.eldiario.es\/sociedad\/turno-enfermeras_130_6561335.html\" target=\"_blank\" rel=\"noreferrer noopener\"><em>Sigue leyendo en eldiario.es<\/em><\/a><\/p>\n\n\n\n<p class=\"has-pale-pink-background-color has-background\">Publicado el 27 de diciembre de 2020 en eldiario.es. En la foto Arancha, enfermera, dando una vacuna a Alexia, una joven paciente de 12 a\u00f1os. Foto de Olmo Calvo.<\/p>\n\n\n\n<p><\/p>\n","protected":false},"excerpt":{"rendered":"<p>Los profesionales de la enfermer\u00eda reclaman una sociedad que ponga los cuidados en el centro, que les reconozca su papel comunitario como educadores de la salud, que respete un trabajo especializado que consiste en mucho m\u00e1s que poner inyecciones<\/p>\n","protected":false},"author":1,"featured_media":2002003615,"comment_status":"closed","ping_status":"closed","sticky":false,"template":"","format":"standard","meta":{"footnotes":""},"categories":[],"tags":[],"class_list":["post-2002003614","post","type-post","status-publish","format-standard","has-post-thumbnail","hentry"],"_links":{"self":[{"href":"http:\/\/www.elenacabrera.com\/weblog3\/wp-json\/wp\/v2\/posts\/2002003614","targetHints":{"allow":["GET"]}}],"collection":[{"href":"http:\/\/www.elenacabrera.com\/weblog3\/wp-json\/wp\/v2\/posts"}],"about":[{"href":"http:\/\/www.elenacabrera.com\/weblog3\/wp-json\/wp\/v2\/types\/post"}],"author":[{"embeddable":true,"href":"http:\/\/www.elenacabrera.com\/weblog3\/wp-json\/wp\/v2\/users\/1"}],"replies":[{"embeddable":true,"href":"http:\/\/www.elenacabrera.com\/weblog3\/wp-json\/wp\/v2\/comments?post=2002003614"}],"version-history":[{"count":1,"href":"http:\/\/www.elenacabrera.com\/weblog3\/wp-json\/wp\/v2\/posts\/2002003614\/revisions"}],"predecessor-version":[{"id":2002003616,"href":"http:\/\/www.elenacabrera.com\/weblog3\/wp-json\/wp\/v2\/posts\/2002003614\/revisions\/2002003616"}],"wp:featuredmedia":[{"embeddable":true,"href":"http:\/\/www.elenacabrera.com\/weblog3\/wp-json\/wp\/v2\/media\/2002003615"}],"wp:attachment":[{"href":"http:\/\/www.elenacabrera.com\/weblog3\/wp-json\/wp\/v2\/media?parent=2002003614"}],"wp:term":[{"taxonomy":"category","embeddable":true,"href":"http:\/\/www.elenacabrera.com\/weblog3\/wp-json\/wp\/v2\/categories?post=2002003614"},{"taxonomy":"post_tag","embeddable":true,"href":"http:\/\/www.elenacabrera.com\/weblog3\/wp-json\/wp\/v2\/tags?post=2002003614"}],"curies":[{"name":"wp","href":"https:\/\/api.w.org\/{rel}","templated":true}]}}