{"id":2002003617,"date":"2020-12-29T04:10:12","date_gmt":"2020-12-29T02:10:12","guid":{"rendered":"http:\/\/www.elenacabrera.com\/weblog\/?p=2002003617"},"modified":"2020-12-29T11:54:46","modified_gmt":"2020-12-29T09:54:46","slug":"2020-se-ruega-silencio","status":"publish","type":"post","link":"http:\/\/www.elenacabrera.com\/weblog3\/2020\/12\/29\/2020-se-ruega-silencio\/","title":{"rendered":"2020: se ruega silencio"},"content":{"rendered":"\n<p>Hay dos categor\u00edas claves en este blog. Una de ellas es <a href=\"http:\/\/www.elenacabrera.com\/weblog\/category\/cosas-que-pasan-cuando-sales-a-la-calle\/\">Cosas que pasan cuando sales a la calle<\/a>. La otra es <a href=\"http:\/\/www.elenacabrera.com\/weblog\/category\/cosas-que-pasan-cuando-te-quedas-en-casa\/\">Cosas que pasan cuando te quedas en casa<\/a>. Por supuesto, este a\u00f1o ha sido abundante en la segunda. Echo de menos terriblemente cuando escrib\u00eda d\u00eda a d\u00eda sobre la primera. He pasado las fotos de este a\u00f1o del m\u00f3vil al ordenador, clasific\u00e1ndolas en carpetas y borrando las in\u00fatiles. Durante este proceso he revisitado 2020 como en un <em>previously <\/em>abundante y grosero. Quisiera compartir algunos momentos con ustedes.<\/p>\n\n\n\n<figure class=\"wp-block-image size-large\"><img loading=\"lazy\" decoding=\"async\" width=\"1024\" height=\"768\" src=\"http:\/\/www.elenacabrera.com\/weblog\/wp-content\/uploads\/20200103_122319-1024x768.jpg\" alt=\"\" class=\"wp-image-2002003618\" srcset=\"http:\/\/www.elenacabrera.com\/weblog3\/wp-content\/uploads\/20200103_122319-1024x768.jpg 1024w, http:\/\/www.elenacabrera.com\/weblog3\/wp-content\/uploads\/20200103_122319-300x225.jpg 300w, http:\/\/www.elenacabrera.com\/weblog3\/wp-content\/uploads\/20200103_122319-768x576.jpg 768w, http:\/\/www.elenacabrera.com\/weblog3\/wp-content\/uploads\/20200103_122319-1536x1152.jpg 1536w, http:\/\/www.elenacabrera.com\/weblog3\/wp-content\/uploads\/20200103_122319-2048x1536.jpg 2048w, http:\/\/www.elenacabrera.com\/weblog3\/wp-content\/uploads\/20200103_122319-640x480.jpg 640w\" sizes=\"auto, (max-width: 1024px) 100vw, 1024px\" \/><\/figure>\n\n\n\n<p>Secretamente siempre hab\u00eda deseado subirme a una carroza. Sobre todo, en el Orgullo. Pero la cabalgata de Reyes de Prosperidad tambi\u00e9n me pareci\u00f3 una opci\u00f3n bastante digna. Fui acompa\u00f1ada de M\u00eddori y Eleonor y las tres nos vestimos con estos trajes de pez que yo misma confeccion\u00e9 en los d\u00edas previos. Ojal\u00e1 hubiera llevado una peluca azul pero me daba verg\u00fcenza restarle protagonismo a Gaspar.<\/p>\n\n\n\n<figure class=\"wp-block-image size-large\"><img loading=\"lazy\" decoding=\"async\" width=\"1024\" height=\"682\" src=\"http:\/\/www.elenacabrera.com\/weblog\/wp-content\/uploads\/photo_2020-02-23_07-56-31-1-1024x682.jpg\" alt=\"\" class=\"wp-image-2002003619\" srcset=\"http:\/\/www.elenacabrera.com\/weblog3\/wp-content\/uploads\/photo_2020-02-23_07-56-31-1-1024x682.jpg 1024w, http:\/\/www.elenacabrera.com\/weblog3\/wp-content\/uploads\/photo_2020-02-23_07-56-31-1-300x200.jpg 300w, http:\/\/www.elenacabrera.com\/weblog3\/wp-content\/uploads\/photo_2020-02-23_07-56-31-1-768x512.jpg 768w, http:\/\/www.elenacabrera.com\/weblog3\/wp-content\/uploads\/photo_2020-02-23_07-56-31-1-330x220.jpg 330w, http:\/\/www.elenacabrera.com\/weblog3\/wp-content\/uploads\/photo_2020-02-23_07-56-31-1.jpg 1280w\" sizes=\"auto, (max-width: 1024px) 100vw, 1024px\" \/><figcaption>Foto de \u00c1lvaro Minguito para El Salto<\/figcaption><\/figure>\n\n\n\n<p>Este a\u00f1o he tenido que renunciar en gran medida al periodismo, lo cual ha sido una decisi\u00f3n muy dif\u00edcil y \u00e1spera para m\u00ed. Por ello, del poco tiempo que he podido dedicarle, los dos d\u00edas que pas\u00e9 <a href=\"http:\/\/www.elenacabrera.com\/weblog\/la-guardia-malpagada-y-a-la-carrera-de-una-abogada-del-turno-de-oficio\/\">acompa\u00f1ando a M\u00f3nica Pinedo durante su turno de oficio<\/a> fueron un tesoro. Fuimos a comisar\u00edas y juzgados, no comimos m\u00e1s que un pl\u00e1tano r\u00e1pido metidas en el coche (era enero) y tomamos caf\u00e9s, como este delante de Plaza Castilla con Isidro Moreno de Miguel, de la asociaci\u00f3n de letrados y letradas por un turno de oficio digno Altodo. Lo que aprend\u00ed ese par de d\u00edas dudo que fuera capaz de reflejarlo en el reportaje para El Salto, pero al menos ah\u00ed hay una defensa de los abogados del turno, porque alguien tiene que defenderles a ellos. <\/p>\n\n\n\n<figure class=\"wp-block-image size-large\"><img loading=\"lazy\" decoding=\"async\" width=\"1024\" height=\"683\" src=\"http:\/\/www.elenacabrera.com\/weblog\/wp-content\/uploads\/OCR3487-1024x683.jpg\" alt=\"\" class=\"wp-image-2002003620\" srcset=\"http:\/\/www.elenacabrera.com\/weblog3\/wp-content\/uploads\/OCR3487-1024x683.jpg 1024w, http:\/\/www.elenacabrera.com\/weblog3\/wp-content\/uploads\/OCR3487-300x200.jpg 300w, http:\/\/www.elenacabrera.com\/weblog3\/wp-content\/uploads\/OCR3487-768x512.jpg 768w, http:\/\/www.elenacabrera.com\/weblog3\/wp-content\/uploads\/OCR3487-1536x1024.jpg 1536w, http:\/\/www.elenacabrera.com\/weblog3\/wp-content\/uploads\/OCR3487-2048x1365.jpg 2048w, http:\/\/www.elenacabrera.com\/weblog3\/wp-content\/uploads\/OCR3487-330x220.jpg 330w\" sizes=\"auto, (max-width: 1024px) 100vw, 1024px\" \/><figcaption>Centro de salud Angela Uriarte de Vallecas, Madrid.\nFoto: Olmo Calvo<\/figcaption><\/figure>\n\n\n\n<p>Empec\u00e9 el a\u00f1o con un reportaje sobre los abogados y abogadas del turno de oficio y lo acab\u00e9 con otro <a href=\"http:\/\/www.elenacabrera.com\/weblog\/el-turno-de-las-enfermeras\/\">sobre los enfermeros y enfermeras de la sanidad p\u00fablica<\/a>. Me gusta este tipo de periodismo sencillo y apasionante. No es dif\u00edcil de hacer pero requiere escucha y curiosidad, as\u00ed que supongo que por eso se me da bien. El reportaje es el formato cl\u00e1sico del periodismo: vas a un sitio, hablas con las personas que est\u00e1n all\u00ed, entrevistas a varias fuentes, lees alg\u00fan informe y b\u00e1sicamente ya lo tienes, solo hay que procurar no dejarse fuera nada demasiado importante (esto me ocurre a veces), trabajar bien el comienzo (soy muy obsesiva con eso, el primer p\u00e1rrafo me lleva un tiempo exagerado en relaci\u00f3n a los siguientes) y encontrar un buen titular. En esto \u00faltimo no soy buena, pero creo que me qued\u00f3 bien el que puse en este caso: \u00abEl turno de las enfermeras\u00bb, dado que pospusieron durante el que deber\u00eda haber sido su a\u00f1o de reivindicaciones, el A\u00f1o Mundial dedicado a su profesi\u00f3n, por entregarse a cuidarnos durante la pandemia; ahora, ha llegado el momento de recuperar esa otra lucha. Escribiendo esto me he dado cuenta de que hay un ur\u00f3boro entre aquel turno de oficio y este de la enfermer\u00eda.<\/p>\n\n\n\n<figure class=\"wp-block-image size-large\"><img loading=\"lazy\" decoding=\"async\" width=\"1024\" height=\"768\" src=\"http:\/\/www.elenacabrera.com\/weblog\/wp-content\/uploads\/20200113_141138-1024x768.jpg\" alt=\"\" class=\"wp-image-2002003622\" srcset=\"http:\/\/www.elenacabrera.com\/weblog3\/wp-content\/uploads\/20200113_141138-1024x768.jpg 1024w, http:\/\/www.elenacabrera.com\/weblog3\/wp-content\/uploads\/20200113_141138-300x225.jpg 300w, http:\/\/www.elenacabrera.com\/weblog3\/wp-content\/uploads\/20200113_141138-768x576.jpg 768w, http:\/\/www.elenacabrera.com\/weblog3\/wp-content\/uploads\/20200113_141138-1536x1152.jpg 1536w, http:\/\/www.elenacabrera.com\/weblog3\/wp-content\/uploads\/20200113_141138-2048x1536.jpg 2048w, http:\/\/www.elenacabrera.com\/weblog3\/wp-content\/uploads\/20200113_141138-640x480.jpg 640w\" sizes=\"auto, (max-width: 1024px) 100vw, 1024px\" \/><\/figure>\n\n\n\n<p>Este de aqu\u00ed es el ministro de Cultura, Jos\u00e9 Manuel Rodr\u00edguez Uribes. A la derecha est\u00e1 Borja Cobeaga, con la cara cortada (presidente de Dama adem\u00e1s de cineasta). Acud\u00ed a curiosear al ministerio en el acto de trapaso de cartera. Me gust\u00f3 -como siempre- pegar la oreja en las conversaciones ajenas. Los cuchicheos en este acto de relevo eran divertid\u00edsimos. Nadie habl\u00f3 mal de Guirao, el ministro saliente, eso puedo atestiguarlo. Pens\u00e9 que este a\u00f1o podr\u00eda escribir mucho m\u00e1s sobre pol\u00edtica cultural pero no ha sido posible. En cambio, me he marcado algunos cuantos <a href=\"http:\/\/www.elenacabrera.com\/weblog\/tag\/sgae\/\">art\u00edculos sobre la Sgae<\/a> que no han estado del todo mal.<\/p>\n\n\n\n<figure class=\"wp-block-image size-large\"><img loading=\"lazy\" decoding=\"async\" width=\"1024\" height=\"768\" src=\"http:\/\/www.elenacabrera.com\/weblog\/wp-content\/uploads\/20200126_223054-1024x768.jpg\" alt=\"\" class=\"wp-image-2002003623\" srcset=\"http:\/\/www.elenacabrera.com\/weblog3\/wp-content\/uploads\/20200126_223054-1024x768.jpg 1024w, http:\/\/www.elenacabrera.com\/weblog3\/wp-content\/uploads\/20200126_223054-300x225.jpg 300w, http:\/\/www.elenacabrera.com\/weblog3\/wp-content\/uploads\/20200126_223054-768x576.jpg 768w, http:\/\/www.elenacabrera.com\/weblog3\/wp-content\/uploads\/20200126_223054-1536x1152.jpg 1536w, http:\/\/www.elenacabrera.com\/weblog3\/wp-content\/uploads\/20200126_223054-2048x1536.jpg 2048w, http:\/\/www.elenacabrera.com\/weblog3\/wp-content\/uploads\/20200126_223054-640x480.jpg 640w\" sizes=\"auto, (max-width: 1024px) 100vw, 1024px\" \/><\/figure>\n\n\n\n<p>Some Ember. Este es el \u00faltimo concierto al que acud\u00ed en 2020&#8230; y sucedi\u00f3 el 26 de enero. Fue una de esas situaciones t\u00edpicas en las que puedes decir que jam\u00e1s habr\u00edas imaginado que ese fuera tu \u00faltimo concierto. Del verano para ac\u00e1 lo he pasado anhelando con fuerza <em>los viejos tiempos<\/em>: los conciertos, salir por la noche, aquella normalidad. Como si se me hubiera agotado la vida de golpe, me arrepiento de todos aquellos conciertos a los que dije no. Tengo entradas para varias actuaciones que deber\u00edan haber sucedido en 2020 y han sido pospuestas. Siguen ah\u00ed, esperando, viendo como de vez en cuando la fecha se empuja unos meses m\u00e1s para adelante. <\/p>\n\n\n\n<figure class=\"wp-block-image size-large\"><img loading=\"lazy\" decoding=\"async\" width=\"1024\" height=\"768\" src=\"http:\/\/www.elenacabrera.com\/weblog\/wp-content\/uploads\/20200130_185419-1024x768.jpg\" alt=\"\" class=\"wp-image-2002003624\" srcset=\"http:\/\/www.elenacabrera.com\/weblog3\/wp-content\/uploads\/20200130_185419-1024x768.jpg 1024w, http:\/\/www.elenacabrera.com\/weblog3\/wp-content\/uploads\/20200130_185419-300x225.jpg 300w, http:\/\/www.elenacabrera.com\/weblog3\/wp-content\/uploads\/20200130_185419-768x576.jpg 768w, http:\/\/www.elenacabrera.com\/weblog3\/wp-content\/uploads\/20200130_185419-1536x1152.jpg 1536w, http:\/\/www.elenacabrera.com\/weblog3\/wp-content\/uploads\/20200130_185419-2048x1536.jpg 2048w, http:\/\/www.elenacabrera.com\/weblog3\/wp-content\/uploads\/20200130_185419-640x480.jpg 640w\" sizes=\"auto, (max-width: 1024px) 100vw, 1024px\" \/><\/figure>\n\n\n\n<p>Cada a\u00f1o, los equipos de las escuelas del Estudiantes se hacen una foto en Magari\u00f1os y los jugadores y las jugadores de los equipos titulares, tambi\u00e9n. Al acabar, los ni\u00f1os y ni\u00f1as someten a un acoso sin l\u00edmites a los jugadores, persiguiendo sus aut\u00f3grafos. Me encanta que uno de ellos fuera recolectando firmas en su cuaderno de mates. Ser\u00eda chulo decir que estuve all\u00ed para escribir un art\u00edculo, pero no, la historia es mucho mejor: Eleonor entrena al baloncesto en la escuela del Estudiantes, lo cual es superemocionante. En principio, m\u00e1s para m\u00ed que para ella, pues a\u00fan no se ha dado cuenta de lo especial que es. Hicieron el 24 de Kobe Bryant, que acababa de fallecer. El asunto despert\u00f3 cierto debate sobre si era un referente lo suficientemente \u00edntegro como para rendirle tributo as\u00ed, debido a su denuncia de abuso sexual.<\/p>\n\n\n\n<figure class=\"wp-block-image size-large\"><img loading=\"lazy\" decoding=\"async\" width=\"800\" height=\"532\" src=\"http:\/\/www.elenacabrera.com\/weblog\/wp-content\/uploads\/49464704673_738852d2bc_c.jpg\" alt=\"\" class=\"wp-image-2002003625\" srcset=\"http:\/\/www.elenacabrera.com\/weblog3\/wp-content\/uploads\/49464704673_738852d2bc_c.jpg 800w, http:\/\/www.elenacabrera.com\/weblog3\/wp-content\/uploads\/49464704673_738852d2bc_c-300x200.jpg 300w, http:\/\/www.elenacabrera.com\/weblog3\/wp-content\/uploads\/49464704673_738852d2bc_c-768x511.jpg 768w, http:\/\/www.elenacabrera.com\/weblog3\/wp-content\/uploads\/49464704673_738852d2bc_c-330x220.jpg 330w\" sizes=\"auto, (max-width: 800px) 100vw, 800px\" \/><\/figure>\n\n\n\n<figure class=\"wp-block-image size-large\"><img loading=\"lazy\" decoding=\"async\" width=\"1024\" height=\"768\" src=\"http:\/\/www.elenacabrera.com\/weblog\/wp-content\/uploads\/20200212_125823-1024x768.jpg\" alt=\"\" class=\"wp-image-2002003626\" srcset=\"http:\/\/www.elenacabrera.com\/weblog3\/wp-content\/uploads\/20200212_125823-1024x768.jpg 1024w, http:\/\/www.elenacabrera.com\/weblog3\/wp-content\/uploads\/20200212_125823-300x225.jpg 300w, http:\/\/www.elenacabrera.com\/weblog3\/wp-content\/uploads\/20200212_125823-768x576.jpg 768w, http:\/\/www.elenacabrera.com\/weblog3\/wp-content\/uploads\/20200212_125823-1536x1152.jpg 1536w, http:\/\/www.elenacabrera.com\/weblog3\/wp-content\/uploads\/20200212_125823-2048x1536.jpg 2048w, http:\/\/www.elenacabrera.com\/weblog3\/wp-content\/uploads\/20200212_125823-640x480.jpg 640w\" sizes=\"auto, (max-width: 1024px) 100vw, 1024px\" \/><\/figure>\n\n\n\n<p>Esa placa vac\u00eda simboliza de manera muy evidente todo lo que falta: el silencio, la escritura de la historia con la pluma de los vencedores, los nombres borrados de la memoria. Est\u00e1 en el memorial de La Almudena (todav\u00eda no inagurado) y la hice col\u00e1ndome por una verja el 12 de febrero. La cobertura del memorial ha sido mi gran tema period\u00edstico del a\u00f1o, el cual coron\u00e9 con una exclusiva: que adem\u00e1s de arrancar del memorial los nombres de los asesinados por el franquismo, el gobierno municipal del PP tambi\u00e9n decidi\u00f3 que en esa placa <a href=\"http:\/\/www.elenacabrera.com\/weblog\/madrid-borra-los-versos-de-miguel-hernandez-del-memorial-de-las-victimas-de-la-guerra-civil-en-la-almudena\/\">no se grabaran los versos de Miguel Hern\u00e1ndez<\/a> que hab\u00edan sido escogidos para acompa\u00f1ar el conjunto escult\u00f3rico. El PP en la ciudad de Madrid ha hecho grandes canalladas, pero esta humillaci\u00f3n a las v\u00edctimas de la dictadura ha sido la peor.<\/p>\n\n\n\n<figure class=\"wp-block-image size-large\"><img loading=\"lazy\" decoding=\"async\" width=\"1024\" height=\"768\" src=\"http:\/\/www.elenacabrera.com\/weblog\/wp-content\/uploads\/20200218_085437-1024x768.jpg\" alt=\"\" class=\"wp-image-2002003627\" srcset=\"http:\/\/www.elenacabrera.com\/weblog3\/wp-content\/uploads\/20200218_085437-1024x768.jpg 1024w, http:\/\/www.elenacabrera.com\/weblog3\/wp-content\/uploads\/20200218_085437-300x225.jpg 300w, http:\/\/www.elenacabrera.com\/weblog3\/wp-content\/uploads\/20200218_085437-768x576.jpg 768w, http:\/\/www.elenacabrera.com\/weblog3\/wp-content\/uploads\/20200218_085437-1536x1152.jpg 1536w, http:\/\/www.elenacabrera.com\/weblog3\/wp-content\/uploads\/20200218_085437-2048x1536.jpg 2048w, http:\/\/www.elenacabrera.com\/weblog3\/wp-content\/uploads\/20200218_085437-640x480.jpg 640w\" sizes=\"auto, (max-width: 1024px) 100vw, 1024px\" \/><\/figure>\n\n\n\n<p>Este camino lleva desde la estaci\u00f3n de metro de Rivas Vaciamadrid a la nave en la que est\u00e1n las oficinas y almacenes de Gen X Games y Generaci\u00f3n X. Lo recorr\u00ed a diario durante tres semanas hasta que comenz\u00f3 el Estado de alarma.<\/p>\n\n\n\n<figure class=\"wp-block-image size-large\"><img loading=\"lazy\" decoding=\"async\" width=\"1024\" height=\"683\" src=\"http:\/\/www.elenacabrera.com\/weblog\/wp-content\/uploads\/IMG_2553-1024x683.jpg\" alt=\"\" class=\"wp-image-2002003628\" srcset=\"http:\/\/www.elenacabrera.com\/weblog3\/wp-content\/uploads\/IMG_2553-1024x683.jpg 1024w, http:\/\/www.elenacabrera.com\/weblog3\/wp-content\/uploads\/IMG_2553-300x200.jpg 300w, http:\/\/www.elenacabrera.com\/weblog3\/wp-content\/uploads\/IMG_2553-768x512.jpg 768w, http:\/\/www.elenacabrera.com\/weblog3\/wp-content\/uploads\/IMG_2553-1536x1024.jpg 1536w, http:\/\/www.elenacabrera.com\/weblog3\/wp-content\/uploads\/IMG_2553-2048x1365.jpg 2048w, http:\/\/www.elenacabrera.com\/weblog3\/wp-content\/uploads\/IMG_2553-330x220.jpg 330w\" sizes=\"auto, (max-width: 1024px) 100vw, 1024px\" \/><\/figure>\n\n\n\n<p>Aqu\u00ed estoy yo en el escenario del Teatro Pav\u00f3n Kamikaze, cuyo cierre <a rel=\"noreferrer noopener\" href=\"https:\/\/teatrokamikaze.com\/el-pavon-teatro-kamikaze-cierra-sus-puertas\/\" target=\"_blank\">se acaba de anunciar<\/a>. Me invitaron unos estudiantes para que hiciera una exposici\u00f3n, un poco teatralizada, de <a href=\"http:\/\/www.elenacabrera.com\/weblog\/paseos-por-la-prospe\/\">mis paseos por Prosperidad<\/a>. La verdad es que me pill\u00f3 en un muy mal momento: varios reportajes que ten\u00eda que acabar a la vez que hab\u00eda empezado a trabajar en Gen X Games. No me lo prepar\u00e9 bien y no ten\u00eda un buen d\u00eda. Me sali\u00f3 bastante regular tirando a mal. El mundo estaba a punto de estallar.<\/p>\n\n\n\n<figure class=\"wp-block-image size-large\"><img loading=\"lazy\" decoding=\"async\" width=\"1024\" height=\"768\" src=\"http:\/\/www.elenacabrera.com\/weblog\/wp-content\/uploads\/20200308_183314-1024x768.jpg\" alt=\"\" class=\"wp-image-2002003629\" srcset=\"http:\/\/www.elenacabrera.com\/weblog3\/wp-content\/uploads\/20200308_183314-1024x768.jpg 1024w, http:\/\/www.elenacabrera.com\/weblog3\/wp-content\/uploads\/20200308_183314-300x225.jpg 300w, http:\/\/www.elenacabrera.com\/weblog3\/wp-content\/uploads\/20200308_183314-768x576.jpg 768w, http:\/\/www.elenacabrera.com\/weblog3\/wp-content\/uploads\/20200308_183314-1536x1152.jpg 1536w, http:\/\/www.elenacabrera.com\/weblog3\/wp-content\/uploads\/20200308_183314-2048x1536.jpg 2048w, http:\/\/www.elenacabrera.com\/weblog3\/wp-content\/uploads\/20200308_183314-640x480.jpg 640w\" sizes=\"auto, (max-width: 1024px) 100vw, 1024px\" \/><\/figure>\n\n\n\n<p>En los meses posteriores, nos hicieron sentir mal por haber participado de este 8M. Miro ahora las fotos y esa sensaci\u00f3n de culpa ha desaparecido. Qu\u00e9 emocionante fue: como cada a\u00f1o, un acto de belleza y de fuerza que me da aliento para los once meses restantes. En mayo me pidieron en eldiario un art\u00edculo sobre todos <a href=\"http:\/\/www.elenacabrera.com\/weblog\/las-ultimas-escenas-de-la-vida-normal-ese-tiempo-en-el-que-convivimos-con-el-coronavirus-sin-saberlo\/\">los grandes actos multitudinarios<\/a> que hubo anteriores al 8M, donde el virus tambi\u00e9n camp\u00f3 a sus anchas. No vimos a la derecha atacar a los hinchas del f\u00fatbol, a los aficionados a la F\u00f3rmula 1 ni a los salones del manga.<\/p>\n\n\n\n<figure class=\"wp-block-image size-large\"><img loading=\"lazy\" decoding=\"async\" width=\"1024\" height=\"768\" src=\"http:\/\/www.elenacabrera.com\/weblog\/wp-content\/uploads\/20200312_183052-1024x768.jpg\" alt=\"\" class=\"wp-image-2002003630\" srcset=\"http:\/\/www.elenacabrera.com\/weblog3\/wp-content\/uploads\/20200312_183052-1024x768.jpg 1024w, http:\/\/www.elenacabrera.com\/weblog3\/wp-content\/uploads\/20200312_183052-300x225.jpg 300w, http:\/\/www.elenacabrera.com\/weblog3\/wp-content\/uploads\/20200312_183052-768x576.jpg 768w, http:\/\/www.elenacabrera.com\/weblog3\/wp-content\/uploads\/20200312_183052-1536x1152.jpg 1536w, http:\/\/www.elenacabrera.com\/weblog3\/wp-content\/uploads\/20200312_183052-2048x1536.jpg 2048w, http:\/\/www.elenacabrera.com\/weblog3\/wp-content\/uploads\/20200312_183052-640x480.jpg 640w\" sizes=\"auto, (max-width: 1024px) 100vw, 1024px\" \/><\/figure>\n\n\n\n<p>De entre todas las fuerzas del mal con las que he lidiado este a\u00f1o, la m\u00e1s poderosa ha sido el miedo a la enfermedad. No me refiero a la COVID-19, sino a todas las dem\u00e1s: dolencias inexplicables que me han atormentado y con cuyo miedo ha convivido, sin poder gestionarlas adecuadamente debido a la pandemia. A pesar del duro momento para la sanida p\u00fablica, mi m\u00e9dico me ha visto en varias ocasiones, me ha llamado por tel\u00e9fono otras cuantas y me han hecho una ecograf\u00eda y una colonoscopia en el hospital de la Princesa. A menudo he pensado en contratar un seguro privado solo para dejar de dar la lata. Me aterraba un mal diagn\u00f3stico pero tambi\u00e9n me sent\u00ed fatal cuando el resultado de las pruebas fue positivo. Sigo sin saber qu\u00e9 me pasa. Quiz\u00e1 no me pasa nada y es solo mi cuerpo, que no sabe gestionar la vida.<\/p>\n\n\n\n<figure class=\"wp-block-image size-large\"><img loading=\"lazy\" decoding=\"async\" width=\"1024\" height=\"768\" src=\"http:\/\/www.elenacabrera.com\/weblog\/wp-content\/uploads\/20200408_200224-1024x768.jpg\" alt=\"\" class=\"wp-image-2002003631\" srcset=\"http:\/\/www.elenacabrera.com\/weblog3\/wp-content\/uploads\/20200408_200224-1024x768.jpg 1024w, http:\/\/www.elenacabrera.com\/weblog3\/wp-content\/uploads\/20200408_200224-300x225.jpg 300w, http:\/\/www.elenacabrera.com\/weblog3\/wp-content\/uploads\/20200408_200224-768x576.jpg 768w, http:\/\/www.elenacabrera.com\/weblog3\/wp-content\/uploads\/20200408_200224-1536x1152.jpg 1536w, http:\/\/www.elenacabrera.com\/weblog3\/wp-content\/uploads\/20200408_200224-2048x1536.jpg 2048w, http:\/\/www.elenacabrera.com\/weblog3\/wp-content\/uploads\/20200408_200224-640x480.jpg 640w\" sizes=\"auto, (max-width: 1024px) 100vw, 1024px\" \/><figcaption>Cada tarde, en el balc\u00f3n a las 20:00<\/figcaption><\/figure>\n\n\n\n<figure class=\"wp-block-image size-large\"><img loading=\"lazy\" decoding=\"async\" width=\"1024\" height=\"576\" src=\"http:\/\/www.elenacabrera.com\/weblog\/wp-content\/uploads\/diarios-cuarentena15WEB-1-1024x576.jpg\" alt=\"\" class=\"wp-image-2002003632\" srcset=\"http:\/\/www.elenacabrera.com\/weblog3\/wp-content\/uploads\/diarios-cuarentena15WEB-1-1024x576.jpg 1024w, http:\/\/www.elenacabrera.com\/weblog3\/wp-content\/uploads\/diarios-cuarentena15WEB-1-300x169.jpg 300w, http:\/\/www.elenacabrera.com\/weblog3\/wp-content\/uploads\/diarios-cuarentena15WEB-1-768x432.jpg 768w, http:\/\/www.elenacabrera.com\/weblog3\/wp-content\/uploads\/diarios-cuarentena15WEB-1-1536x864.jpg 1536w, http:\/\/www.elenacabrera.com\/weblog3\/wp-content\/uploads\/diarios-cuarentena15WEB-1-2048x1152.jpg 2048w\" sizes=\"auto, (max-width: 1024px) 100vw, 1024px\" \/><figcaption>Ilustraci\u00f3n de Isa Ibaibarriaga<\/figcaption><\/figure>\n\n\n\n<p>Adem\u00e1s de los reportajes citados y la cobertura del memorial, he completado mi a\u00f1o period\u00edstico hablando de m\u00ed misma y de mi familia, un egotrip solo comparable a los a\u00f1os duros de este blog y sobre el que a\u00fan no doy cr\u00e9dito. eldiario.es me invit\u00f3 a trasladar mi diario personal a las p\u00e1gians de este diario informativo, y eso hice <a href=\"http:\/\/www.elenacabrera.com\/weblog\/tag\/coronavirus\/\">durante 82 art\u00edculos a lo largo del estado de alarma y 18 entregas de una serie de verano<\/a>. Alucinante. No s\u00e9 c\u00f3mo me permitieron hacer algo as\u00ed. Me dijeron mis amigos periodistas que es bueno para los peri\u00f3dicos desahogar de esa manera, crear un espacio donde lo personal se filtra y hace descansar al lector y la lectora de lo ins\u00f3lito y lo grandilocuente de los titulares diarios. Quise creerles. Fue fabuloso colaborar con Isa Ibaibarriaga durante la serie de verano. Ya dije por aqu\u00ed que toda mi vida hab\u00eda so\u00f1ado con un encargo as\u00ed. Tuvo que suceder en 2020. No s\u00e9 si estuve a la altura de mis expectativas, probablemente no. <\/p>\n\n\n\n<figure class=\"wp-block-image size-large\"><img loading=\"lazy\" decoding=\"async\" width=\"1024\" height=\"903\" src=\"http:\/\/www.elenacabrera.com\/weblog\/wp-content\/uploads\/20200419_182501-1-1024x903.jpg\" alt=\"\" class=\"wp-image-2002003633\" srcset=\"http:\/\/www.elenacabrera.com\/weblog3\/wp-content\/uploads\/20200419_182501-1-1024x903.jpg 1024w, http:\/\/www.elenacabrera.com\/weblog3\/wp-content\/uploads\/20200419_182501-1-300x265.jpg 300w, http:\/\/www.elenacabrera.com\/weblog3\/wp-content\/uploads\/20200419_182501-1-768x678.jpg 768w, http:\/\/www.elenacabrera.com\/weblog3\/wp-content\/uploads\/20200419_182501-1-1536x1355.jpg 1536w, http:\/\/www.elenacabrera.com\/weblog3\/wp-content\/uploads\/20200419_182501-1-2048x1807.jpg 2048w\" sizes=\"auto, (max-width: 1024px) 100vw, 1024px\" \/><\/figure>\n\n\n\n<p>Esa soy yo en el d\u00eda de mi cumplea\u00f1os. Cumpl\u00ed 45 a\u00f1os. Me cuesta creerlo. Soy terrible para aceptar el paso del tiempo. Tengo una mediocrisis encima por eso. No me reconozco en las fotos, por eso dej\u00e9 de publicar retratos m\u00edos por ah\u00ed y cambi\u00e9 los avatares de las redes sociales por dibujos. A finales de a\u00f1o estoy desandando ese camino, como tratamiento de choque para aceptarme como soy: una mujer de 45 a\u00f1os.<\/p>\n\n\n\n<figure class=\"wp-block-image size-large\"><img loading=\"lazy\" decoding=\"async\" width=\"1024\" height=\"555\" src=\"http:\/\/www.elenacabrera.com\/weblog\/wp-content\/uploads\/microcosmo5-1024x555.jpg\" alt=\"\" class=\"wp-image-2002003641\" srcset=\"http:\/\/www.elenacabrera.com\/weblog3\/wp-content\/uploads\/microcosmo5-1024x555.jpg 1024w, http:\/\/www.elenacabrera.com\/weblog3\/wp-content\/uploads\/microcosmo5-300x163.jpg 300w, http:\/\/www.elenacabrera.com\/weblog3\/wp-content\/uploads\/microcosmo5-768x416.jpg 768w, http:\/\/www.elenacabrera.com\/weblog3\/wp-content\/uploads\/microcosmo5-1536x832.jpg 1536w, http:\/\/www.elenacabrera.com\/weblog3\/wp-content\/uploads\/microcosmo5.jpg 1866w\" sizes=\"auto, (max-width: 1024px) 100vw, 1024px\" \/><\/figure>\n\n\n\n<p>Multipantalla. Ventanitas. Gente en casas. Adem\u00e1s de los selfies con mascarilla, esta es la imagen m\u00e1s reconocible de 2020. Muchos se quejan pero a m\u00ed me agrada. Prefiero las reuniones por zoom que en persona, me gustan los streamings y disfruto con las videollamadas colectivas. ZEMOS98 me dio la oportunidad de trabajar en un evento online, tan caracter\u00edstico de estos tiempos de transici\u00f3n de los planes que ten\u00edamos previstos en el mundo aquel en el que nos junt\u00e1bamos los cuerpos a este de aislacionismo. <a rel=\"noreferrer noopener\" href=\"https:\/\/gamingforthecommons.net\/\" target=\"_blank\">Gaming for the commons<\/a> no es el \u00fanico proyecto que me traigo entre manos con ZEMOS, lo cual me hace muy muy feliz.<\/p>\n\n\n\n<figure class=\"wp-block-image size-large\"><img loading=\"lazy\" decoding=\"async\" width=\"1024\" height=\"768\" src=\"http:\/\/www.elenacabrera.com\/weblog\/wp-content\/uploads\/20200414_201650-1024x768.jpg\" alt=\"\" class=\"wp-image-2002003634\" srcset=\"http:\/\/www.elenacabrera.com\/weblog3\/wp-content\/uploads\/20200414_201650-1024x768.jpg 1024w, http:\/\/www.elenacabrera.com\/weblog3\/wp-content\/uploads\/20200414_201650-300x225.jpg 300w, http:\/\/www.elenacabrera.com\/weblog3\/wp-content\/uploads\/20200414_201650-768x576.jpg 768w, http:\/\/www.elenacabrera.com\/weblog3\/wp-content\/uploads\/20200414_201650-1536x1152.jpg 1536w, http:\/\/www.elenacabrera.com\/weblog3\/wp-content\/uploads\/20200414_201650-2048x1536.jpg 2048w, http:\/\/www.elenacabrera.com\/weblog3\/wp-content\/uploads\/20200414_201650-640x480.jpg 640w\" sizes=\"auto, (max-width: 1024px) 100vw, 1024px\" \/><\/figure>\n\n\n\n<p>Este es Alberto Monreal, mi <em>marido<\/em>. No uso jam\u00e1s esa expresi\u00f3n, salvo cuando no queda m\u00e1s remedio. Odio la connotaci\u00f3n que tiene y, sobre todo (again), ese tufo a <em>se\u00f1ora mayor<\/em> que tiene <em>un marido<\/em>. La verdad es que podr\u00edamos no habernos casado pero lo hicimos por motivos ruines y legales: nos conven\u00eda. Juntos <a href=\"https:\/\/www.ivoox.com\/podcast-podcast-pobres-chavales_sq_f1106351_1.html\" target=\"_blank\" rel=\"noreferrer noopener\">hacemos un podcast<\/a>, cuidamos y pagamos de una casa y criamos a una hija fant\u00e1stica que nos hace reir y enfurecernos varias veces al d\u00eda. Se nos va demasiado tiempo en tonter\u00edas: trabajar, hacer la compra, hacer la comida, reparar cosas que se rompen. Pero tenemos nuestros espacios en los que volvemos a ser quienes somos: cuando hablamos por Telegram (a veces, incluso, esto sucede cuando estamos los dos en casa), cuando nos pasamos canciones, cuando hacemos chistes que jam\u00e1s podr\u00edan salir de estas cuatro paredes, cuando vamos a conciertos (o, al menos, cuando \u00edbamos, cuando <em>hab\u00eda<\/em>) y otras cosas que \u00e9l sabe y que la mujer decorosa de 45 a\u00f1os que pretendo ser ya no comenta por aqu\u00ed.<\/p>\n\n\n\n<figure class=\"wp-block-image size-large\"><img loading=\"lazy\" decoding=\"async\" width=\"1024\" height=\"768\" src=\"http:\/\/www.elenacabrera.com\/weblog\/wp-content\/uploads\/20200704_203854-1024x768.jpg\" alt=\"\" class=\"wp-image-2002003635\" srcset=\"http:\/\/www.elenacabrera.com\/weblog3\/wp-content\/uploads\/20200704_203854-1024x768.jpg 1024w, http:\/\/www.elenacabrera.com\/weblog3\/wp-content\/uploads\/20200704_203854-300x225.jpg 300w, http:\/\/www.elenacabrera.com\/weblog3\/wp-content\/uploads\/20200704_203854-768x576.jpg 768w, http:\/\/www.elenacabrera.com\/weblog3\/wp-content\/uploads\/20200704_203854-1536x1152.jpg 1536w, http:\/\/www.elenacabrera.com\/weblog3\/wp-content\/uploads\/20200704_203854-2048x1536.jpg 2048w, http:\/\/www.elenacabrera.com\/weblog3\/wp-content\/uploads\/20200704_203854-640x480.jpg 640w\" sizes=\"auto, (max-width: 1024px) 100vw, 1024px\" \/><\/figure>\n\n\n\n<p>Este es nuestro palacete, que una y otra vez cubrimos con manos del mismo color de pintura. Lo que hicimos en verano fue toda una haza\u00f1a b\u00e9lica. Me hacen sentir bien estas cosas materiales, aunque luego no queden perfectas, pero tienen tu huella, tu esfuerzo. Ahora lo pienso y quiz\u00e1s en aquel esfuerzo nace el lumbago de hoy. Soy una floja, no tengo fuerza. Voy al gimnasio, pero poco. Desde que hay un virus suelto por ah\u00ed, la verdad es que mucho menos. Me sue\u00f1o a m\u00ed misma fuerte y valiente como Tura Satana.<\/p>\n\n\n\n<figure class=\"wp-block-image size-large\"><img loading=\"lazy\" decoding=\"async\" width=\"1024\" height=\"768\" src=\"http:\/\/www.elenacabrera.com\/weblog\/wp-content\/uploads\/20200728_195521-1024x768.jpg\" alt=\"\" class=\"wp-image-2002003636\" srcset=\"http:\/\/www.elenacabrera.com\/weblog3\/wp-content\/uploads\/20200728_195521-1024x768.jpg 1024w, http:\/\/www.elenacabrera.com\/weblog3\/wp-content\/uploads\/20200728_195521-300x225.jpg 300w, http:\/\/www.elenacabrera.com\/weblog3\/wp-content\/uploads\/20200728_195521-768x576.jpg 768w, http:\/\/www.elenacabrera.com\/weblog3\/wp-content\/uploads\/20200728_195521-1536x1152.jpg 1536w, http:\/\/www.elenacabrera.com\/weblog3\/wp-content\/uploads\/20200728_195521-2048x1536.jpg 2048w, http:\/\/www.elenacabrera.com\/weblog3\/wp-content\/uploads\/20200728_195521-640x480.jpg 640w\" sizes=\"auto, (max-width: 1024px) 100vw, 1024px\" \/><\/figure>\n\n\n\n<p>Pero soy fr\u00e1gil y quebradiza.<\/p>\n\n\n\n<figure class=\"wp-block-image size-large\"><img loading=\"lazy\" decoding=\"async\" width=\"1024\" height=\"768\" src=\"http:\/\/www.elenacabrera.com\/weblog\/wp-content\/uploads\/20200605_130449-1024x768.jpg\" alt=\"\" class=\"wp-image-2002003637\" srcset=\"http:\/\/www.elenacabrera.com\/weblog3\/wp-content\/uploads\/20200605_130449-1024x768.jpg 1024w, http:\/\/www.elenacabrera.com\/weblog3\/wp-content\/uploads\/20200605_130449-300x225.jpg 300w, http:\/\/www.elenacabrera.com\/weblog3\/wp-content\/uploads\/20200605_130449-768x576.jpg 768w, http:\/\/www.elenacabrera.com\/weblog3\/wp-content\/uploads\/20200605_130449-1536x1152.jpg 1536w, http:\/\/www.elenacabrera.com\/weblog3\/wp-content\/uploads\/20200605_130449-2048x1536.jpg 2048w, http:\/\/www.elenacabrera.com\/weblog3\/wp-content\/uploads\/20200605_130449-640x480.jpg 640w\" sizes=\"auto, (max-width: 1024px) 100vw, 1024px\" \/><\/figure>\n\n\n\n<p>Lo que llevo peor de la maternidad es el desgaste emocional. Siento que cuanto m\u00e1s fuerte se hace ella, m\u00e1s vac\u00eda y avejentada estoy yo. Repetir las mismas frases todos los d\u00edas (l\u00e1vate los dientes, cuidado, p\u00e9inate, \u00bfte has lavado las manos?), perseguir a una ni\u00f1a para que haga las cosas que crees que debe hacer, es una tensi\u00f3n que a veces me supera. Ya s\u00e9 que tiene sus recompensas, pero dejadme quejar.<\/p>\n\n\n\n<p>Hay cosas que habremos hecho bien (aunque ense\u00f1arle a comer verduras y amar la lectura no parecen dos de ellas) porque Eleonor es una ni\u00f1a amorosa, generosa y atenta con los dem\u00e1s, ingeniosa, perspicaz, divertid\u00edsima y llena de pasi\u00f3n y curiosidad. Ama el cine y la m\u00fasica. Le chiflan los beb\u00e9s, jugar a las familias con los playmobils y la ropa. Se viste con looks espectaculares, combinando prendas arriesgadas con intuici\u00f3n; aunque le digas que algo no pega, ella solo conf\u00eda en su instinto. No est\u00e1 mal, \u00bfno?<\/p>\n\n\n\n<figure class=\"wp-block-image size-large\"><img loading=\"lazy\" decoding=\"async\" width=\"1024\" height=\"768\" src=\"http:\/\/www.elenacabrera.com\/weblog\/wp-content\/uploads\/20200722_151106-1024x768.jpg\" alt=\"\" class=\"wp-image-2002003638\" srcset=\"http:\/\/www.elenacabrera.com\/weblog3\/wp-content\/uploads\/20200722_151106-1024x768.jpg 1024w, http:\/\/www.elenacabrera.com\/weblog3\/wp-content\/uploads\/20200722_151106-300x225.jpg 300w, http:\/\/www.elenacabrera.com\/weblog3\/wp-content\/uploads\/20200722_151106-768x576.jpg 768w, http:\/\/www.elenacabrera.com\/weblog3\/wp-content\/uploads\/20200722_151106-1536x1152.jpg 1536w, http:\/\/www.elenacabrera.com\/weblog3\/wp-content\/uploads\/20200722_151106-2048x1536.jpg 2048w, http:\/\/www.elenacabrera.com\/weblog3\/wp-content\/uploads\/20200722_151106-640x480.jpg 640w\" sizes=\"auto, (max-width: 1024px) 100vw, 1024px\" \/><figcaption>La Penela<\/figcaption><\/figure>\n\n\n\n<p>De lo mejor de este a\u00f1o ha sido pasar un mes y medio en A Coru\u00f1a. No hab\u00eda motivo para volver a Madrid y pod\u00eda trabajar desde all\u00ed. Qu\u00e9 fabuloso. Nuestro piso all\u00ed est\u00e1 en venta pero no se vende. Cada verano es un tiempo ganado a ese final que no s\u00e9 cu\u00e1ndo llegar\u00e1. Este verano no quer\u00eda que se vendiese jam\u00e1s, me habr\u00eda quedado a vivir all\u00ed, incluso.<\/p>\n\n\n\n<p>De vez en cuando pienso si podr\u00edamos cambiar de vida. Mudarnos a otro lugar. Hacer que la vida vaya m\u00e1s lenta al hacerla nueva y diferente. Supongo que no es posible. Somos madrile\u00f1os. Nuestra vida es esta. Tenemos un palacete rojo. Entradas para conciertos que alg\u00fan d\u00eda alguien nos cortar\u00e1 en una puerta. Tacones que volver a ponerme, maquillaje con el que cubrir mis arrugas. Reportajes que hacer. Partidos que ganar.<\/p>\n\n\n\n<figure class=\"wp-block-image size-large\"><img loading=\"lazy\" decoding=\"async\" width=\"768\" height=\"1024\" src=\"http:\/\/www.elenacabrera.com\/weblog\/wp-content\/uploads\/photo_2020-11-03_10-05-18-768x1024.jpg\" alt=\"\" class=\"wp-image-2002003639\" srcset=\"http:\/\/www.elenacabrera.com\/weblog3\/wp-content\/uploads\/photo_2020-11-03_10-05-18-768x1024.jpg 768w, http:\/\/www.elenacabrera.com\/weblog3\/wp-content\/uploads\/photo_2020-11-03_10-05-18-225x300.jpg 225w, http:\/\/www.elenacabrera.com\/weblog3\/wp-content\/uploads\/photo_2020-11-03_10-05-18.jpg 960w\" sizes=\"auto, (max-width: 768px) 100vw, 768px\" \/><\/figure>\n","protected":false},"excerpt":{"rendered":"<p>Hay dos categor\u00edas claves en este blog. Una de ellas es Cosas que pasan cuando sales a la calle. La otra es Cosas que pasan cuando te quedas en casa. Por supuesto, este a\u00f1o ha sido abundante en la segunda. Echo de menos terriblemente cuando escrib\u00eda d\u00eda a d\u00eda sobre la primera. He pasado las [&hellip;]<\/p>\n","protected":false},"author":1,"featured_media":2002003642,"comment_status":"closed","ping_status":"closed","sticky":false,"template":"","format":"standard","meta":{"footnotes":""},"categories":[],"tags":[],"class_list":["post-2002003617","post","type-post","status-publish","format-standard","has-post-thumbnail","hentry"],"_links":{"self":[{"href":"http:\/\/www.elenacabrera.com\/weblog3\/wp-json\/wp\/v2\/posts\/2002003617","targetHints":{"allow":["GET"]}}],"collection":[{"href":"http:\/\/www.elenacabrera.com\/weblog3\/wp-json\/wp\/v2\/posts"}],"about":[{"href":"http:\/\/www.elenacabrera.com\/weblog3\/wp-json\/wp\/v2\/types\/post"}],"author":[{"embeddable":true,"href":"http:\/\/www.elenacabrera.com\/weblog3\/wp-json\/wp\/v2\/users\/1"}],"replies":[{"embeddable":true,"href":"http:\/\/www.elenacabrera.com\/weblog3\/wp-json\/wp\/v2\/comments?post=2002003617"}],"version-history":[{"count":11,"href":"http:\/\/www.elenacabrera.com\/weblog3\/wp-json\/wp\/v2\/posts\/2002003617\/revisions"}],"predecessor-version":[{"id":2002003653,"href":"http:\/\/www.elenacabrera.com\/weblog3\/wp-json\/wp\/v2\/posts\/2002003617\/revisions\/2002003653"}],"wp:featuredmedia":[{"embeddable":true,"href":"http:\/\/www.elenacabrera.com\/weblog3\/wp-json\/wp\/v2\/media\/2002003642"}],"wp:attachment":[{"href":"http:\/\/www.elenacabrera.com\/weblog3\/wp-json\/wp\/v2\/media?parent=2002003617"}],"wp:term":[{"taxonomy":"category","embeddable":true,"href":"http:\/\/www.elenacabrera.com\/weblog3\/wp-json\/wp\/v2\/categories?post=2002003617"},{"taxonomy":"post_tag","embeddable":true,"href":"http:\/\/www.elenacabrera.com\/weblog3\/wp-json\/wp\/v2\/tags?post=2002003617"}],"curies":[{"name":"wp","href":"https:\/\/api.w.org\/{rel}","templated":true}]}}